{"id":10225,"date":"2025-11-25T11:07:17","date_gmt":"2025-11-25T10:07:17","guid":{"rendered":"https:\/\/www.oiip.ac.at\/?p=10225"},"modified":"2025-12-05T12:48:43","modified_gmt":"2025-12-05T11:48:43","slug":"30-jahre-dayton","status":"publish","type":"post","link":"https:\/\/www.oiip.ac.at\/en\/news\/30-jahre-dayton\/","title":{"rendered":"30 Jahre Dayton"},"content":{"rendered":"<p><strong>Die Presse<br \/>\n23.11.2025<br \/>\n<\/strong><strong>Die EU <span class=\"hyphenate\">untersch\u00e4tzt<\/span> die <span class=\"hyphenate\">Gef\u00e4hrlichkeit<\/span> des serbischen Pr\u00e4sidenten Vu\u010di\u0107<br \/>\n<\/strong><a title=\"\" href=\"https:\/\/www.oiip.ac.at\/cms\/media\/interview-die-presse-23112025.pdf\" target=\"_blank\" rel=\"noopener\">Link zum Beitrag<\/a><\/p>\n<p><strong>PE\u0160\u010cANIK<\/strong><br \/>\n<strong>21.11.2025<\/strong><br \/>\n<strong>BiH 30 godina nakon Dejtona<\/strong><br \/>\n<a title=\"\" href=\"https:\/\/pescanik.net\/bosna-i-hercegovina-30-godina-nakon-dejtona\/\" target=\"_blank\" rel=\"noopener\">Link zum Beitrag<\/a><\/p>\n<p><strong><span class=\"inline align-middle font-heading text-4xl font-bold text-flame-600 after:inline after:text-gray-300 after:content-['\/'] lg:text-5xl\/tighter\">Falter<br \/>\n18.11.2025<br \/>\n30 Jahre Kriegsende in Bosnien<\/span><span class=\"sr-only\">:<\/span> <\/strong><span class=\"inline align-middle\"><strong> Schmerzhafte Widerspr\u00fcche und leise Hoffnung<\/strong><br \/>\n<a title=\"\" href=\"https:\/\/www.oiip.ac.at\/cms\/media\/essay-falter-19112025.pdf\" target=\"_blank\" rel=\"noopener\">Link zum Beitrag<\/a><br \/>\n<\/span><\/p>\n<p><strong>\u00a0<\/strong><\/p>\n","protected":false},"excerpt":{"rendered":"<p>Die Presse 23.11.2025 Die EU untersch\u00e4tzt die Gef\u00e4hrlichkeit des serbischen Pr\u00e4sidenten Vu\u010di\u0107 Link zum Beitrag PE\u0160\u010cANIK 21.11.2025 BiH 30 godina nakon Dejtona Link zum Beitrag Falter 18.11.2025 30 Jahre Kriegsende in Bosnien: Schmerzhafte Widerspr\u00fcche und leise Hoffnung Link zum Beitrag \u00a0<\/p>\n","protected":false},"author":4,"featured_media":0,"comment_status":"closed","ping_status":"closed","sticky":false,"template":"","format":"standard","meta":{"_acf_changed":false,"footnotes":""},"categories":[1],"tags":[],"class_list":["post-10225","post","type-post","status-publish","format-standard","hentry","category-news"],"acf":[],"_links":{"self":[{"href":"https:\/\/www.oiip.ac.at\/en\/wp-json\/wp\/v2\/posts\/10225","targetHints":{"allow":["GET"]}}],"collection":[{"href":"https:\/\/www.oiip.ac.at\/en\/wp-json\/wp\/v2\/posts"}],"about":[{"href":"https:\/\/www.oiip.ac.at\/en\/wp-json\/wp\/v2\/types\/post"}],"author":[{"embeddable":true,"href":"https:\/\/www.oiip.ac.at\/en\/wp-json\/wp\/v2\/users\/4"}],"replies":[{"embeddable":true,"href":"https:\/\/www.oiip.ac.at\/en\/wp-json\/wp\/v2\/comments?post=10225"}],"version-history":[{"count":4,"href":"https:\/\/www.oiip.ac.at\/en\/wp-json\/wp\/v2\/posts\/10225\/revisions"}],"predecessor-version":[{"id":10233,"href":"https:\/\/www.oiip.ac.at\/en\/wp-json\/wp\/v2\/posts\/10225\/revisions\/10233"}],"wp:attachment":[{"href":"https:\/\/www.oiip.ac.at\/en\/wp-json\/wp\/v2\/media?parent=10225"}],"wp:term":[{"taxonomy":"category","embeddable":true,"href":"https:\/\/www.oiip.ac.at\/en\/wp-json\/wp\/v2\/categories?post=10225"},{"taxonomy":"post_tag","embeddable":true,"href":"https:\/\/www.oiip.ac.at\/en\/wp-json\/wp\/v2\/tags?post=10225"}],"curies":[{"name":"wp","href":"https:\/\/api.w.org\/{rel}","templated":true}]}}