{"id":10802,"date":"2026-04-27T16:20:59","date_gmt":"2026-04-27T14:20:59","guid":{"rendered":"https:\/\/www.oiip.ac.at\/news-en\/10794\/"},"modified":"2026-04-27T16:31:35","modified_gmt":"2026-04-27T14:31:35","slug":"10794","status":"publish","type":"post","link":"https:\/\/www.oiip.ac.at\/en\/news-en\/10794\/","title":{"rendered":"Senior:innen mit Migrationsgeschichte in \u00d6sterreich"},"content":{"rendered":"<p><strong><span class=\"break-words tvm-parent-container\"><span dir=\"ltr\">Lebensrealit\u00e4ten, Bed\u00fcrfnisse und Ressourcen von Senior:innen mit Migrationsgeschichte in \u00d6sterreich<br \/>\nEndbericht<br \/>\n<\/span><\/span><\/strong>Projektleiterin: Judith Kohlenberger<br \/>\nMitarbeiter:innen: Vedran Dzihic, Sophie Reichelt<br \/>\nFinanzierung: Bundesministerium f\u00fcr Soziales, Gesundheit, Pflege und Konsumentenschutz<strong><br \/>\n<\/strong>Dauer: November 2024 \u2013 August 2025<\/p>\n<p data-start=\"129\" data-end=\"331\">Die erste Generation der sogenannten \u201eGastarbeiter:innen\u201c ist heute vielfach 70 Jahre oder \u00e4lter und bleibt trotz ihres Beitrags zum Aufbau \u00d6sterreichs in Forschung und Sozialpolitik unterrepr\u00e4sentiert.<\/p>\n<p data-start=\"333\" data-end=\"803\">Im Auftrag des Sozialministeriums untersuchte ein Forschungsteam gemeinsam mit dem \u00d6sterreichischen Institut f\u00fcr Internationale Politik (oiip) und der \u00d6sterreichischen Akademie der Wissenschaften (\u00d6AW), wie \u00e4ltere Menschen mit Migrationsgeschichte in \u00d6sterreich altern. Grundlage der Studie sind qualitative Fokusgruppen mit Personen aus der T\u00fcrkei, dem ehemaligen Jugoslawien und Rum\u00e4nien, erg\u00e4nzt durch eine Expert:innenrunde sowie eine Analyse bestehender Datens\u00e4tze.<\/p>\n<p data-start=\"805\" data-end=\"1171\">Im Mittelpunkt stehen qualitative Fokusgruppendiskussionen mit Senior:innen aus der T\u00fcrkei, dem ehemaligen Jugoslawien und Rum\u00e4nien \u2013 durchgef\u00fchrt in den jeweiligen Erstsprachen, um echten Zugang zu erm\u00f6glichen. Erg\u00e4nzt durch eine Expert:innen-Fokusgruppe sowie eine systematische Analyse der bestehenden Datenlage.<\/p>\n<p data-start=\"805\" data-end=\"1171\">Zentrale Befunde: Die bestehenden Datens\u00e4tze (Mikrozensus, EU-SILC, SHARE) erlauben kaum differenzierte Aussagen \u00fcber \u00e4ltere Migrant:innen; es braucht also dringend neue Erhebungsinstrumente. Inhaltlich zeigt sich: Diese Menschen sind keine passiven Problemgruppen, sondern handlungsm\u00e4chtige Akteur:innen, die ihren Alltag aktiv und selbstbestimmt gestalten, trotz realer Vulnerabilit\u00e4ten. Sie berichten hohe Lebensqualit\u00e4t, starke soziale Netzwerke, und klare Bleibeabsichten in \u00d6sterreich, aber auch sprachliche H\u00fcrden im Gesundheitssystem und Diskriminierungserfahrungen.<\/p>\n","protected":false},"excerpt":{"rendered":"<p>Lebensrealit\u00e4ten, Bed\u00fcrfnisse und Ressourcen von Senior:innen mit Migrationsgeschichte in \u00d6sterreich Endbericht Projektleiterin: Judith Kohlenberger Mitarbeiter:innen: Vedran Dzihic, Sophie Reichelt Finanzierung: Bundesministerium f\u00fcr Soziales, Gesundheit, Pflege und Konsumentenschutz Dauer: November 2024 \u2013 August 2025 Die erste Generation der sogenannten \u201eGastarbeiter:innen\u201c ist heute vielfach 70 Jahre oder \u00e4lter und bleibt trotz ihres Beitrags zum Aufbau \u00d6sterreichs in [&hellip;]<\/p>\n","protected":false},"author":4,"featured_media":0,"comment_status":"closed","ping_status":"closed","sticky":false,"template":"","format":"standard","meta":{"_acf_changed":false,"footnotes":""},"categories":[12],"tags":[],"class_list":["post-10802","post","type-post","status-publish","format-standard","hentry","category-news-en"],"acf":[],"_links":{"self":[{"href":"https:\/\/www.oiip.ac.at\/en\/wp-json\/wp\/v2\/posts\/10802","targetHints":{"allow":["GET"]}}],"collection":[{"href":"https:\/\/www.oiip.ac.at\/en\/wp-json\/wp\/v2\/posts"}],"about":[{"href":"https:\/\/www.oiip.ac.at\/en\/wp-json\/wp\/v2\/types\/post"}],"author":[{"embeddable":true,"href":"https:\/\/www.oiip.ac.at\/en\/wp-json\/wp\/v2\/users\/4"}],"replies":[{"embeddable":true,"href":"https:\/\/www.oiip.ac.at\/en\/wp-json\/wp\/v2\/comments?post=10802"}],"version-history":[{"count":1,"href":"https:\/\/www.oiip.ac.at\/en\/wp-json\/wp\/v2\/posts\/10802\/revisions"}],"predecessor-version":[{"id":10803,"href":"https:\/\/www.oiip.ac.at\/en\/wp-json\/wp\/v2\/posts\/10802\/revisions\/10803"}],"wp:attachment":[{"href":"https:\/\/www.oiip.ac.at\/en\/wp-json\/wp\/v2\/media?parent=10802"}],"wp:term":[{"taxonomy":"category","embeddable":true,"href":"https:\/\/www.oiip.ac.at\/en\/wp-json\/wp\/v2\/categories?post=10802"},{"taxonomy":"post_tag","embeddable":true,"href":"https:\/\/www.oiip.ac.at\/en\/wp-json\/wp\/v2\/tags?post=10802"}],"curies":[{"name":"wp","href":"https:\/\/api.w.org\/{rel}","templated":true}]}}