{"id":4222,"date":"2021-04-27T12:44:27","date_gmt":"2021-04-27T10:44:27","guid":{"rendered":"https:\/\/www.oiip.ac.at\/?p=4222"},"modified":"2026-02-13T11:00:26","modified_gmt":"2026-02-13T10:00:26","slug":"%f0%9f%93%a2-open-call-the_gap","status":"publish","type":"post","link":"https:\/\/www.oiip.ac.at\/en\/news\/%f0%9f%93%a2-open-call-the_gap\/","title":{"rendered":"&#x1f4e2; Open Call &#8211; The_Gap"},"content":{"rendered":"<p><strong>Open Call<\/strong><\/p>\n<p>Seit einem Jahr steht unsere Welt Kopf. Das Thema Nummer 1: Corona. Im Trubel der Pandemie sind viele andere Themen, die unsere Gesellschaft ausmachen, in den Hintergrund geraten. Wir wollen den Blick auf Themen lenken, die im letzten Jahr zu kurz gekommen sind.<br \/>\n<strong>The_Gap<\/strong> soll aufzeigen, was trotz oder abseits der Pandemie wichtig ist. <strong>The_Gap<\/strong> als Leerstelle und L\u00fccke, die freigehalten wird, f\u00fcr das was nicht gesagt wird, der Raum f\u00fcr Vielfalt.<\/p>\n<p>Was ist deiner Meinung nach durch die Pandemie aus dem Blick der Gesellschaft geraten?<br \/>\nWelche Themen sollten wir aber trotz der Pandemie besprechen?<br \/>\nWo sind L\u00fccken entstanden?<\/p>\n<p>Wir wollen einen interkulturellen Dialog dar\u00fcber, was in diesem neuen Alltag unsichtbar geworden ist. Was brennt dir in deiner Situation unter den N\u00e4geln, wovon andere an anderen Orten wissen sollten? Wor\u00fcber sollten sich die verschiedenen Kulturen austauschen? Wir wollen die Themen diskutieren, die Jugendliche und junge Menschen aus dem euro-mediterranen Raum als Probleme unserer Zeit sehen. Was ist <strong>the_Gap<\/strong>, den wir unbedingt beleuchten m\u00fcssen?<\/p>\n<p>Wir sammeln dazu<strong> Beitr\u00e4ge aus den Bereichen Kunst, Kultur, Politik und Gesellschaft<\/strong>. Schick uns deine Fotos, Zeichnungen, Texte, Gedichte, Videos und andere kreative Arbeiten\u2026 Wir geben dir die B\u00fchne f\u00fcr deinen Beitrag.<\/p>\n<p>Jeder Beitrag, der auf der <a title=\"\" href=\"http:\/\/www.alfaustria.org\/\" target=\"_blank\" rel=\"noopener noreferrer\">ALF \u00d6sterreich Homepage<\/a> im virtuellen Ausstellungsraum ver\u00f6ffentlicht wird, wird mit \u20ac 100,00 entsch\u00e4digt.<\/p>\n<p>Schick uns deinen Beitrag (auf Deutsch oder Englisch) inklusive ausgef\u00fclltem Teilnahmeformular (dieses findest du im pdf auf unsere Seite ganz unten):<\/p>\n<p>\u25cf Text (max. 3600 Zeichen)<br \/>\n\u25cf Bild (300dpi)<br \/>\n\u25cf Tonaufnahme (max. 5 Minuten, MP3)<br \/>\n\u25cf Video (max. 8 Minuten, hochgeladen auf Vimeo oder Youtube)<\/p>\n<p>Voraussetzungen:<br \/>\n\u25cf Du bist zwischen 14-32 Jahre alt.<br \/>\n\u25cf Du lebst in einem der <a title=\"\" href=\"https:\/\/www.annalindhfoundation.org\/networks\" target=\"_blank\" rel=\"noopener noreferrer\">42 euro-mediterranen L\u00e4nder<\/a>.<br \/>\n\u25cf Du dr\u00fcckst dich gerne k\u00fcnstlerisch in Texten, Bildern, Tonaufnahmen oder Videos aus.<br \/>\n\u25cf Du m\u00f6chtest als Gruppe mit deinen Freunden oder als Einzelperson mitmachen.<br \/>\n\u25cf Du hast eine spannende Idee, die den interkulturellen Dialog unterst\u00fctzt und die du<br \/>\nk\u00fcnstlerisch umsetzen m\u00f6chtest.<br \/>\n\u25cf Dein Projekt ist einfach f\u00fcr ein internationales Publikum verst\u00e4ndlich und repr\u00e4sentiert<br \/>\ndie Werte der Anna Lindh Stiftung.<\/p>\n<p>Wir freuen uns \u00fcber deine Einsendung per E-Mail an Anna.LindhFoundation@oiip.ac.at<\/p>\n<p>Deadline: 12. Juni 2021<\/p>\n<p>Ver\u00f6ffentlichung: Sommer 2021<\/p>\n<p>Die <a title=\"\" href=\"https:\/\/www.annalindhfoundation.org\/\" target=\"_blank\" rel=\"noopener noreferrer\">ALF<\/a> und ihre nationalen Netzwerke f\u00f6rdern den interkulturellen Dialog und stellen den Austausch der Zivilgesellschaft in den Mittelpunkt.<\/p>\n<p>Dieses Event ist Teil des ALF Virtual Marathons for Dialogue, der der Zivilgesellschaft und insbesondere jungen Menschen aus der Euro-Med-Region die M\u00f6glichkeit gibt, \u00fcber aktuelle Themen zu diskutieren. Die virtuelle Ausstellung \u201e<strong>The_Gap<\/strong>\u201c schafft daher einen Ort und eine Plattform f\u00fcr interkulturellen Austausch und Dialog.<\/p>\n<p>Bei Fragen wende dich gerne an <a href=\"mailto:Anna.LindhFoundation@oiip.ac.at\">Anna.LindhFoundation@oiip.ac.at<\/a><br \/>\n#AnnaLindh #ALFAustria #The_Gap<\/p>\n<p>F\u00fcr die Redaktion: Carina Radler, Christina Riegler, Magdalena \u00dcbleis-Lang<\/p>\n","protected":false},"excerpt":{"rendered":"<p>Open Call Seit einem Jahr steht unsere Welt Kopf. Das Thema Nummer 1: Corona. Im Trubel der Pandemie sind viele andere Themen, die unsere Gesellschaft ausmachen, in den Hintergrund geraten. Wir wollen den Blick auf Themen lenken, die im letzten Jahr zu kurz gekommen sind. The_Gap soll aufzeigen, was trotz oder abseits der Pandemie wichtig [&hellip;]<\/p>\n","protected":false},"author":4,"featured_media":0,"comment_status":"closed","ping_status":"closed","sticky":false,"template":"","format":"standard","meta":{"_acf_changed":false,"footnotes":""},"categories":[1],"tags":[],"class_list":["post-4222","post","type-post","status-publish","format-standard","hentry","category-news"],"acf":[],"_links":{"self":[{"href":"https:\/\/www.oiip.ac.at\/en\/wp-json\/wp\/v2\/posts\/4222","targetHints":{"allow":["GET"]}}],"collection":[{"href":"https:\/\/www.oiip.ac.at\/en\/wp-json\/wp\/v2\/posts"}],"about":[{"href":"https:\/\/www.oiip.ac.at\/en\/wp-json\/wp\/v2\/types\/post"}],"author":[{"embeddable":true,"href":"https:\/\/www.oiip.ac.at\/en\/wp-json\/wp\/v2\/users\/4"}],"replies":[{"embeddable":true,"href":"https:\/\/www.oiip.ac.at\/en\/wp-json\/wp\/v2\/comments?post=4222"}],"version-history":[{"count":6,"href":"https:\/\/www.oiip.ac.at\/en\/wp-json\/wp\/v2\/posts\/4222\/revisions"}],"predecessor-version":[{"id":10558,"href":"https:\/\/www.oiip.ac.at\/en\/wp-json\/wp\/v2\/posts\/4222\/revisions\/10558"}],"wp:attachment":[{"href":"https:\/\/www.oiip.ac.at\/en\/wp-json\/wp\/v2\/media?parent=4222"}],"wp:term":[{"taxonomy":"category","embeddable":true,"href":"https:\/\/www.oiip.ac.at\/en\/wp-json\/wp\/v2\/categories?post=4222"},{"taxonomy":"post_tag","embeddable":true,"href":"https:\/\/www.oiip.ac.at\/en\/wp-json\/wp\/v2\/tags?post=4222"}],"curies":[{"name":"wp","href":"https:\/\/api.w.org\/{rel}","templated":true}]}}