{"id":4646,"date":"2021-11-03T12:45:30","date_gmt":"2021-11-03T11:45:30","guid":{"rendered":"https:\/\/www.oiip.ac.at\/?p=4646"},"modified":"2021-11-03T12:45:30","modified_gmt":"2021-11-03T11:45:30","slug":"jahrestag-des-terrors-schnelles-vergessen-oder-aus-fehlern-lernen","status":"publish","type":"post","link":"https:\/\/www.oiip.ac.at\/en\/news\/jahrestag-des-terrors-schnelles-vergessen-oder-aus-fehlern-lernen\/","title":{"rendered":"Jahrestag des Terrors &#8211; schnelles Vergessen oder aus Fehlern lernen?"},"content":{"rendered":"<div class=\"player-video-description-body player-video-description-body-expanded player-video-description-body-expandable\" data-reactid=\".1fl.3.$=1$\/api\/json-fe\/page\/pro-und-contra\/videos\/ganze-folgen\/Ganze-Folgen\/Jahrestag-des-Terrors-Schnelles-Vergessen-oder-aus-Fehlern-lernen-916090.0.$\/api\/json-fe\/components\/916090\/916090.0.3.0.0.0.0\">\n<p data-reactid=\".1fl.3.$=1$\/api\/json-fe\/page\/pro-und-contra\/videos\/ganze-folgen\/Ganze-Folgen\/Jahrestag-des-Terrors-Schnelles-Vergessen-oder-aus-Fehlern-lernen-916090.0.$\/api\/json-fe\/components\/916090\/916090.0.3.0.0.0.0.0\"><strong>Puls 4, Pro und Contra<\/strong><br \/>\n<strong>2. November 2021<\/strong><\/p>\n<p class=\"player-video-description-intro\" data-reactid=\".1fl.3.$=1$\/api\/json-fe\/page\/pro-und-contra\/videos\/ganze-folgen\/Ganze-Folgen\/Jahrestag-des-Terrors-Schnelles-Vergessen-oder-aus-Fehlern-lernen-916090.0.$\/api\/json-fe\/components\/916090\/916090.0.3.0.0.0.0.0\">Ein lauer Abend, der letzte vor dem zweiten Lockdown. Und dann fallen in der Wiener Innenstadt pl\u00f6tzlich Sch\u00fcsse. W\u00e4re der Anschlag in Wien vor einem Jahr zu verhindern gewesen und was sind die Konsequenzen? Das diskutierten bei Pro und Contra die Sicherheitssprecher der f\u00fcnf Parlamentsparteien und Terrorexpertin Daniela Pisoiu.<\/p>\n<\/div>\n<div class=\"expandable is-opened\" data-reactid=\".1fl.3.$=1$\/api\/json-fe\/page\/pro-und-contra\/videos\/ganze-folgen\/Ganze-Folgen\/Jahrestag-des-Terrors-Schnelles-Vergessen-oder-aus-Fehlern-lernen-916090.0.$\/api\/json-fe\/components\/916090\/916090.0.3.0.0.0.1\"><\/div>\n","protected":false},"excerpt":{"rendered":"<p>Puls 4, Pro und Contra 2. November 2021 Ein lauer Abend, der letzte vor dem zweiten Lockdown. Und dann fallen in der Wiener Innenstadt pl\u00f6tzlich Sch\u00fcsse. W\u00e4re der Anschlag in Wien vor einem Jahr zu verhindern gewesen und was sind die Konsequenzen? Das diskutierten bei Pro und Contra die Sicherheitssprecher der f\u00fcnf Parlamentsparteien und Terrorexpertin [&hellip;]<\/p>\n","protected":false},"author":4,"featured_media":0,"comment_status":"closed","ping_status":"open","sticky":false,"template":"","format":"standard","meta":{"_acf_changed":false,"footnotes":""},"categories":[1],"tags":[],"class_list":["post-4646","post","type-post","status-publish","format-standard","hentry","category-news"],"acf":[],"_links":{"self":[{"href":"https:\/\/www.oiip.ac.at\/en\/wp-json\/wp\/v2\/posts\/4646","targetHints":{"allow":["GET"]}}],"collection":[{"href":"https:\/\/www.oiip.ac.at\/en\/wp-json\/wp\/v2\/posts"}],"about":[{"href":"https:\/\/www.oiip.ac.at\/en\/wp-json\/wp\/v2\/types\/post"}],"author":[{"embeddable":true,"href":"https:\/\/www.oiip.ac.at\/en\/wp-json\/wp\/v2\/users\/4"}],"replies":[{"embeddable":true,"href":"https:\/\/www.oiip.ac.at\/en\/wp-json\/wp\/v2\/comments?post=4646"}],"version-history":[{"count":1,"href":"https:\/\/www.oiip.ac.at\/en\/wp-json\/wp\/v2\/posts\/4646\/revisions"}],"predecessor-version":[{"id":4647,"href":"https:\/\/www.oiip.ac.at\/en\/wp-json\/wp\/v2\/posts\/4646\/revisions\/4647"}],"wp:attachment":[{"href":"https:\/\/www.oiip.ac.at\/en\/wp-json\/wp\/v2\/media?parent=4646"}],"wp:term":[{"taxonomy":"category","embeddable":true,"href":"https:\/\/www.oiip.ac.at\/en\/wp-json\/wp\/v2\/categories?post=4646"},{"taxonomy":"post_tag","embeddable":true,"href":"https:\/\/www.oiip.ac.at\/en\/wp-json\/wp\/v2\/tags?post=4646"}],"curies":[{"name":"wp","href":"https:\/\/api.w.org\/{rel}","templated":true}]}}