{"id":5252,"date":"2022-06-22T15:17:34","date_gmt":"2022-06-22T13:17:34","guid":{"rendered":"https:\/\/www.oiip.ac.at\/?p=5252"},"modified":"2022-06-22T15:19:13","modified_gmt":"2022-06-22T13:19:13","slug":"abend-fuer-johnny-bunzl","status":"publish","type":"post","link":"https:\/\/www.oiip.ac.at\/en\/news\/abend-fuer-johnny-bunzl\/","title":{"rendered":"Abend f\u00fcr Johnny Bunzl"},"content":{"rendered":"<p>Das oiip organisierte am 23. Mai 2022 einen &#34;Abend f\u00fcr Johnny Bunzl&#34;, um seine Person, sein Leben und Wirken zu w\u00fcrdigen.<\/p>\n<p>Die Veranstaltung fand &#8211; im Beisein der Angeh\u00f6rigen, zahlreicher Freund:innnen und Weggef\u00e4hrt:innen, Interessierten und Mitstreiter:innen aus nah und fern &#8211; in der Diplomatischen Akademie Wien statt.<\/p>\n<p>Hier finden Sie die Aufzeichnung der Begr\u00fc\u00dfung und die Nachrufe:<\/p>\n<p class=\"title style-scope ytd-video-primary-info-renderer\"><a title=\"\" href=\"https:\/\/www.youtube.com\/watch?v=Kt5xVgIesY0&amp;list=PLfZ85doccxQiRhecMoA3xsF4zNhtKt77P&amp;index=1\" data-rel=\"lightbox-video-0\" target=\"_blank\" rel=\"noopener noreferrer\">Begr\u00fc\u00dfung und einf\u00fchrende Worte von Cegiz G\u00fcnay und Matti Bunzl<\/a><\/p>\n<p class=\"title style-scope ytd-video-primary-info-renderer\"><a title=\"\" href=\"https:\/\/www.youtube.com\/watch?v=0-Eibd6qWf4&amp;list=PLfZ85doccxQiRhecMoA3xsF4zNhtKt77P&amp;index=2\" data-rel=\"lightbox-video-1\" target=\"_blank\" rel=\"noopener noreferrer\">Raimund L\u00f6w: Nachruf f\u00fcr Johnny<\/a><\/p>\n<p class=\"title style-scope ytd-video-primary-info-renderer\"><a title=\"\" href=\"https:\/\/www.youtube.com\/watch?v=EWCP2EAeA98&amp;list=PLfZ85doccxQiRhecMoA3xsF4zNhtKt77P&amp;index=3\" data-rel=\"lightbox-video-2\" target=\"_blank\" rel=\"noopener noreferrer\">Viola Raheb Nachruf f\u00fcr Johnny<\/a><\/p>\n<p class=\"title style-scope ytd-video-primary-info-renderer\"><a title=\"\" href=\"https:\/\/www.youtube.com\/watch?v=j31L42dAfAg&amp;list=PLfZ85doccxQiRhecMoA3xsF4zNhtKt77P&amp;index=4\" data-rel=\"lightbox-video-3\" target=\"_blank\" rel=\"noopener noreferrer\">Ruth Beckermann Nachruf f\u00fcr Johnny<\/a><\/p>\n<p class=\"title style-scope ytd-video-primary-info-renderer\"><a title=\"\" href=\"https:\/\/www.youtube.com\/watch?v=ak6sAGac89A&amp;list=PLfZ85doccxQiRhecMoA3xsF4zNhtKt77P&amp;index=5\" data-rel=\"lightbox-video-4\" target=\"_blank\" rel=\"noopener noreferrer\">Avishai Ehrlich Nachruf f\u00fcr Johnny<\/a><\/p>\n<p class=\"title style-scope ytd-video-primary-info-renderer\"><a title=\"\" href=\"https:\/\/www.youtube.com\/watch?v=npjag4PbLCg&amp;list=PLfZ85doccxQiRhecMoA3xsF4zNhtKt77P&amp;index=6\" data-rel=\"lightbox-video-5\" target=\"_blank\" rel=\"noopener noreferrer\">Musik von Marwan Abado<\/a><\/p>\n<p class=\"title style-scope ytd-video-primary-info-renderer\"><a title=\"\" href=\"https:\/\/www.youtube.com\/watch?v=KJlgpPDNXVc&amp;list=PLfZ85doccxQiRhecMoA3xsF4zNhtKt77P&amp;index=7\" data-rel=\"lightbox-video-6\" target=\"_blank\" rel=\"noopener noreferrer\">Offenes Mikrofon &#8211; verschiedene Beitr\u00e4ge und Abschluss mit Musik<\/a><\/p>\n","protected":false},"excerpt":{"rendered":"<p>Das oiip organisierte am 23. Mai 2022 einen &#34;Abend f\u00fcr Johnny Bunzl&#34;, um seine Person, sein Leben und Wirken zu w\u00fcrdigen. Die Veranstaltung fand &#8211; im Beisein der Angeh\u00f6rigen, zahlreicher Freund:innnen und Weggef\u00e4hrt:innen, Interessierten und Mitstreiter:innen aus nah und fern &#8211; in der Diplomatischen Akademie Wien statt. Hier finden Sie die Aufzeichnung der Begr\u00fc\u00dfung und [&hellip;]<\/p>\n","protected":false},"author":4,"featured_media":0,"comment_status":"closed","ping_status":"open","sticky":false,"template":"","format":"standard","meta":{"_acf_changed":false,"footnotes":""},"categories":[1],"tags":[],"class_list":["post-5252","post","type-post","status-publish","format-standard","hentry","category-news"],"acf":[],"_links":{"self":[{"href":"https:\/\/www.oiip.ac.at\/en\/wp-json\/wp\/v2\/posts\/5252","targetHints":{"allow":["GET"]}}],"collection":[{"href":"https:\/\/www.oiip.ac.at\/en\/wp-json\/wp\/v2\/posts"}],"about":[{"href":"https:\/\/www.oiip.ac.at\/en\/wp-json\/wp\/v2\/types\/post"}],"author":[{"embeddable":true,"href":"https:\/\/www.oiip.ac.at\/en\/wp-json\/wp\/v2\/users\/4"}],"replies":[{"embeddable":true,"href":"https:\/\/www.oiip.ac.at\/en\/wp-json\/wp\/v2\/comments?post=5252"}],"version-history":[{"count":2,"href":"https:\/\/www.oiip.ac.at\/en\/wp-json\/wp\/v2\/posts\/5252\/revisions"}],"predecessor-version":[{"id":5256,"href":"https:\/\/www.oiip.ac.at\/en\/wp-json\/wp\/v2\/posts\/5252\/revisions\/5256"}],"wp:attachment":[{"href":"https:\/\/www.oiip.ac.at\/en\/wp-json\/wp\/v2\/media?parent=5252"}],"wp:term":[{"taxonomy":"category","embeddable":true,"href":"https:\/\/www.oiip.ac.at\/en\/wp-json\/wp\/v2\/categories?post=5252"},{"taxonomy":"post_tag","embeddable":true,"href":"https:\/\/www.oiip.ac.at\/en\/wp-json\/wp\/v2\/tags?post=5252"}],"curies":[{"name":"wp","href":"https:\/\/api.w.org\/{rel}","templated":true}]}}