{"id":5325,"date":"2022-09-19T12:16:02","date_gmt":"2022-09-19T10:16:02","guid":{"rendered":"https:\/\/www.oiip.ac.at\/?p=5325"},"modified":"2022-09-19T13:59:50","modified_gmt":"2022-09-19T11:59:50","slug":"afghanistan-konferenz-wien","status":"publish","type":"post","link":"https:\/\/www.oiip.ac.at\/en\/news\/afghanistan-konferenz-wien\/","title":{"rendered":"Afghanistan-Konferenz Wien"},"content":{"rendered":"<p><strong>Afghanistan Konferenz Wien<\/strong><br \/>\n<strong>15. &#8211; 17. September 2022<\/strong><\/p>\n<p>13 Monate nach der Macht\u00fcbernahme der Taliban kamen in Wien rund 25 Politiker, Menschenrechtsaktivisten, Wissenschafter und andere afghanische Pers\u00f6nlichkeiten verschiedener ethnischer Gruppen in Wien zusammen. Die Organisation der Konferenz \u00fcbernahm das \u00d6sterreichische Hilfskomitee f\u00fcr Afghanistan. Prominentester Teilnehmer war der f\u00fchrende afghanische Widerstandsk\u00e4mpfer gegen die Taliban, Ahmad Massoud. Die Gruppe um Massoud habe sich an die Privatstiftung gewandt, weil man &#34;\u00d6sterreich als Ort der Begegnung sch\u00e4tzt&#34;. Die Teilnehmer leben au\u00dferhalb von Afghanistan, Massoud selbst etwa in Tadschikistan im Exil. Auch oiip Pr\u00e4sident Wolfgang Petritsch nahm an der Konferenz teil.<\/p>\n<p>Pressemitteilungen:<\/p>\n","protected":false},"excerpt":{"rendered":"<p>Afghanistan Konferenz Wien 15. &#8211; 17. September 2022 13 Monate nach der Macht\u00fcbernahme der Taliban kamen in Wien rund 25 Politiker, Menschenrechtsaktivisten, Wissenschafter und andere afghanische Pers\u00f6nlichkeiten verschiedener ethnischer Gruppen in Wien zusammen. Die Organisation der Konferenz \u00fcbernahm das \u00d6sterreichische Hilfskomitee f\u00fcr Afghanistan. Prominentester Teilnehmer war der f\u00fchrende afghanische Widerstandsk\u00e4mpfer gegen die Taliban, Ahmad Massoud. [&hellip;]<\/p>\n","protected":false},"author":4,"featured_media":0,"comment_status":"closed","ping_status":"open","sticky":false,"template":"","format":"standard","meta":{"_acf_changed":false,"footnotes":""},"categories":[1],"tags":[],"class_list":["post-5325","post","type-post","status-publish","format-standard","hentry","category-news"],"acf":[],"_links":{"self":[{"href":"https:\/\/www.oiip.ac.at\/en\/wp-json\/wp\/v2\/posts\/5325","targetHints":{"allow":["GET"]}}],"collection":[{"href":"https:\/\/www.oiip.ac.at\/en\/wp-json\/wp\/v2\/posts"}],"about":[{"href":"https:\/\/www.oiip.ac.at\/en\/wp-json\/wp\/v2\/types\/post"}],"author":[{"embeddable":true,"href":"https:\/\/www.oiip.ac.at\/en\/wp-json\/wp\/v2\/users\/4"}],"replies":[{"embeddable":true,"href":"https:\/\/www.oiip.ac.at\/en\/wp-json\/wp\/v2\/comments?post=5325"}],"version-history":[{"count":5,"href":"https:\/\/www.oiip.ac.at\/en\/wp-json\/wp\/v2\/posts\/5325\/revisions"}],"predecessor-version":[{"id":5333,"href":"https:\/\/www.oiip.ac.at\/en\/wp-json\/wp\/v2\/posts\/5325\/revisions\/5333"}],"wp:attachment":[{"href":"https:\/\/www.oiip.ac.at\/en\/wp-json\/wp\/v2\/media?parent=5325"}],"wp:term":[{"taxonomy":"category","embeddable":true,"href":"https:\/\/www.oiip.ac.at\/en\/wp-json\/wp\/v2\/categories?post=5325"},{"taxonomy":"post_tag","embeddable":true,"href":"https:\/\/www.oiip.ac.at\/en\/wp-json\/wp\/v2\/tags?post=5325"}],"curies":[{"name":"wp","href":"https:\/\/api.w.org\/{rel}","templated":true}]}}