{"id":5860,"date":"2023-02-15T14:52:38","date_gmt":"2023-02-15T13:52:38","guid":{"rendered":"https:\/\/www.oiip.ac.at\/news-en\/the-war-in-ukraine\/"},"modified":"2023-07-14T08:12:08","modified_gmt":"2023-07-14T06:12:08","slug":"the-war-in-ukraine","status":"publish","type":"post","link":"https:\/\/www.oiip.ac.at\/en\/news-en\/the-war-in-ukraine\/","title":{"rendered":"One year into the war"},"content":{"rendered":"<p>For most of the members of the international community, Russia\u2019s war on Ukraine came as a surprise. Symmetric warfare, the attack of one state on another seemed to be a phenomenon of the past.\u00a0 In hindsight, the believe in a rule-based international order and the power of multilateral organizations proved too be too strong. Before all, the war has affected Ukraine and Ukrainians, but it has also taken a toll on most of us, and it has certainly changed our perceptions of international politics and international security.<br \/>\nOver the last year, the experts of the Austrian Institute for International Affairs diuscussed with international experts and produced a large number of analyses, articles and op-eds dealing with the effects of the war on different areas and regions. At the anniversary of the return of war to Europe we share a selection of our analyses and videos of our discussions of the last 12 months and a number of public events to come in the near future<\/p>\n<h3>Panel Discussions<\/h3>\n<p><strong>The Impact of the Russo-Ukrainian War on Security in East Asia: The Taiwan Strait and Beyond<\/strong><br \/>\nPanel Discussion \/ 7 March\u00a0 2023<br \/>\nWith Ching-Chang Chen, Ryukoku University, Japan; Susanne Weigelin-Schwiedrzik, University of Vienna; Alfred Gerstl, Palack\u00fd University of Olomouc, Czech Republic; Nina C. Krickel-Choi, oiip; Thomas Eder, oiip<br \/>\n<a title=\"\" href=\"https:\/\/www.oiip.ac.at\/en\/events\/the-impact-of-the-russo-ukrainian-war-on-security-in-east-asia-the-taiwan-strait-and-beyond\/\" target=\"_blank\" rel=\"noopener\">REGISTRATION<\/a><\/p>\n<p><strong>China-Russia relations and the war in Ukraine<\/strong><br \/>\nOnline Panel Discussion \/ 19 January 2023<br \/>\nWith Maria Repnikova,\u00a0 Georgia State University; Wilson Center, Marcin Kaczmarski, University of Glasgow, Carla Freeman, United States Institute of Peace \u2013 USIP, Thomas Eder, oiip<br \/>\n<a title=\"\" href=\"https:\/\/www.oiip.ac.at\/en\/events\/china-russia-relations-and-the-war-in-ukraine\/\" target=\"_blank\" rel=\"noopener\">RECORDING OF THE DISCUSSION<\/a><\/p>\n<p><strong>Die Ukraine im Krieg \u2013 ist Frieden m\u00f6glich?<\/strong><br \/>\nBuchpr\u00e4sentation des Buches von Heinz G\u00e4rtner (Hg.) (LIT-Verlag) und Podiumsdiskussion \/ 9. Juni 2022<br \/>\n<a title=\"\" href=\"https:\/\/www.oiip.ac.at\/en\/events\/einladung-zur-praesentation-des-buches-die-ukraine-im-krieg-ist-frieden-moeglich-lit-verlag-heinz-gaertner-hg\/\" target=\"_blank\" rel=\"noopener\">LINK<\/a><\/p>\n<p><strong>From Ukraine to the Western Balkans \u2013 Moscow and Beijing push systemic competition into a new and dangerous phase<\/strong><br \/>\nOnline Panel Discussion \/ 5 April 2022<br \/>\nWith Wolfgang Petritsch, oiip; Senada \u0160elo \u0160abi\u0107, The Institute for Development and International Relations Zagreb; Donika Emini, CiviKos Platform \/ BiEPAG; Vuk Vuksanovi\u0107<em>, <\/em>LSE Ideas \/ Belgrade Center for Security Policy; Thomas Eder<em>, <\/em>oiip; Vedran D\u017eihi\u0107<em>, <\/em>oiip<br \/>\n<a title=\"\" href=\"https:\/\/www.oiip.ac.at\/en\/events\/from-ukraine-to-the-western-balkans-moscow-and-beijing-push-systemic-competition-into-a-new-and-dangerous-phase\/\" target=\"_blank\" rel=\"noopener\">RECODING OF THE DISCUSSION<\/a><\/p>\n<p><strong>War returns to Europe \u2013 Russia\u00b4s attack on Ukraine and the end of the liberal world order<\/strong><br \/>\nOnline Panel Discussion \/ 21 March 2022<br \/>\nWith Rinna Kullaa, University of Tampere, University of Vienna; Wolfgang Petritsch, President oiip; Elias G\u00f6tz, Royal Danish Defense College; Kristina Spohr, London School of Economics; Dmitri Trenin, Carnegie Russia; Cengiz G\u00fcnay, oiip<br \/>\n<a title=\"\" href=\"https:\/\/www.oiip.ac.at\/en\/events\/war-returns-to-europe-russias-attack-on-ukraine-and-the-end-of-the-liberal-world-order\/\" target=\"_blank\" rel=\"noopener\">RECORDING OF THE DISUCSSION<\/a><\/p>\n<h3>Op-Eds and Podcasts<\/h3>\n<p><strong>Zeitenwende in der europ\u00e4ischen Politik?<\/strong><br \/>\nDeutsche Welle \/ 16. Dezember 2022<br \/>\nInterview mit Vedran Dzihic<br \/>\n<a title=\"\" href=\"https:\/\/www.dw.com\/de\/zeitenwende-in-der-europ%C3%A4ischen-politik\/a-64122806\" target=\"_blank\" rel=\"noopener\">LINK<\/a><\/p>\n<p><strong>Der Krieg \u2013 ein Stich, der mich erstarren l\u00e4sst<\/strong><br \/>\nDie Furche \/ 1. Dezember 2022<br \/>\nEssay von Vedran Dzihic<br \/>\n<a title=\"\" href=\"https:\/\/www.oiip.ac.at\/cms\/media\/furche-essay-dzihic-dez-2022.pdf\" target=\"_blank\" rel=\"noopener\">LINK<\/a><\/p>\n<p><strong>Europa darf das neue Momentum nicht verschlafen<\/strong><br \/>\nWiener Zeitung \/ 17. Mai 2022<br \/>\nInterview mit Vedran Dzihic und Paul Schmidt<br \/>\n<a title=\"\" href=\"https:\/\/www.wienerzeitung.at\/meinung\/gastkommentare\/2147724-Europa-darf-das-neue-Momentum-nicht-verschlafen.html\" target=\"_blank\" rel=\"noopener\">LINK<\/a><\/p>\n<p><strong>Integration von Frauen ins Milit\u00e4r und die Rolle, die sie im Krieg in der Ukraine spielen<\/strong><br \/>\nDATUM Kosmos #39 \/ 9. Mai 2022<br \/>\nPodcast mit Saskia Stachowitsch<br \/>\n<a title=\"\" href=\"https:\/\/datum.at\/audio\/datum-kosmos-39-im-gespraech-mit-saskia-stachowitsch\/\" target=\"_blank\" rel=\"noopener\">LINK<\/a><\/p>\n<p><strong>Der t\u00fcrkische Drahtseilakt im Ukraine-Krieg<\/strong><br \/>\nCengiz G\u00fcnay zu Gast bei \u00d61 in der Sendung Punkt eins \/ 28. April 2022<br \/>\n<a title=\"\" href=\"https:\/\/www.oiip.ac.at\/news\/der-tuerkische-drahtseilakt-im-ukraine-krieg\/\" target=\"_blank\" rel=\"noopener\">LINK<\/a><\/p>\n<p><strong>Neue Weltordnung: Tiefe Gr\u00e4ben<\/strong><br \/>\nGeld Magazin \/ 22. April 2022<br \/>\nInterview mit Thomas Eder<br \/>\n<a title=\"\" href=\"https:\/\/www.geld-magazin.at\/neue-weltordnung-tiefe-graeben\/\" target=\"_blank\" rel=\"noopener\">LINK<\/a><\/p>\n<p><strong>Putin und die Supermacht China: Hat der Westen immer weniger Einfluss?<\/strong><br \/>\nDer Standard.at \/ 10. April 2022<br \/>\nVideodiskussion mit Au\u00dfenminister Alexander Schallenberg (\u00d6VP), Gabriel Felbermayr (Wirtschaftsforschungsinstitut),\u00a0 Velina Tchakarova (Austria-Institut f\u00fcr Europa- und Sicherheitspolitik), Cengiz G\u00fcnay (oiip)<br \/>\n<a title=\"\" href=\"https:\/\/www.derstandard.at\/story\/2000134736665\/putin-und-die-supermacht-china-hat-der-westen-immer-weniger\" target=\"_blank\" rel=\"noopener\">LINK<\/a><\/p>\n<p><strong>Gef\u00e4hrliche nukleare Trugschl\u00fcsse<\/strong><br \/>\nDer Standard, Kommentar der anderen \/ 6. April 2022<br \/>\nKommentar von Wolfgang Petritsch<br \/>\n<a title=\"\" href=\"https:\/\/www.derstandard.at\/story\/2000134697947\/gefaehrliche-nukleare-trugschluesse\" target=\"_blank\" rel=\"noopener\">LINK<\/a><\/p>\n<p><strong>Wir Fl\u00fcchtlinge. Was mich meine Ankunft in Wien 1993 gelehrt hat<\/strong><br \/>\nDer Standard, Kommentar der anderen \/ 2. April 2022<br \/>\nVedran Dzihic beschreibt\u00a0 seine eigenen, sehr pers\u00f6nlichen Erfahrungen mit dem Krieg<br \/>\n<a title=\"\" href=\"https:\/\/www.oiip.ac.at\/publikation\/wir-fluechtlinge-was-mich-meine-ankunft-in-wien-1993-gelehrt-hat\/\" target=\"_blank\" rel=\"noopener\">LINK<\/a><\/p>\n<p><strong>Sovereignty and Non-Intervention: China Deserts its Principles on Ukraine<\/strong><br \/>\nV\u00f6lkerrechtsblog,\u00a0 \/ 1 April 2022<br \/>\nBlogpost by Thomas Eder<br \/>\n<a title=\"\" href=\"https:\/\/voelkerrechtsblog.org\/sovereignty-and-non-intervention\/\" target=\"_blank\" rel=\"noopener\">LINK<\/a><\/p>\n<p><strong>Heute die Ukraine, morgen der Balkan?<\/strong><br \/>\nFALTER-Radio \/ 25. M\u00e4rz 2022<br \/>\nPodcast mit Wolfgang Petritsch und Vedran Dzihic<br \/>\n<a title=\"\" href=\"https:\/\/www.falter.at\/video\/Oziks_ME95s\/im-falter-heute-die-ukraine-morgen-der-balkan\/PLDEF9F823EE37271C\" target=\"_blank\" rel=\"noopener\">LINK<\/a><\/p>\n<p><strong>China ist mitverantwortlich f\u00fcr die russische Abenteuerlust<\/strong><br \/>\nDie Tagespost \/ 13. M\u00e4rz 2022<br \/>\nInterview mit Thomas Eder<br \/>\n<a title=\"\" href=\"https:\/\/www.die-tagespost.de\/politik\/china-ist-mitverantwortlich-fuer-die-russische-abenteuerlust-art-226407\" target=\"_blank\" rel=\"noopener\">LINK<\/a><\/p>\n<p><strong>Die Auswege aus Putins Krieg gegen die Ukraine<\/strong><br \/>\nDer Standard, Kommentar der anderen \/ 7. M\u00e4rz 2022<br \/>\nKommentar von Wolfgang Petritsch<br \/>\n<a title=\"\" href=\"https:\/\/www.derstandard.at\/story\/2000133882515\/die-auswege-aus-putins-krieg-gegen-die-ukraine\" target=\"_blank\" rel=\"noopener\">LINK<\/a><\/p>\n<h3>Policy Analyses<\/h3>\n<p><strong>Chinese foreign policy in 2023: Stepping back from the brink<br \/>\n<\/strong>Trend Report 1 \/ January 2023<br \/>\nThomas Eder<br \/>\n<a title=\"\" href=\"https:\/\/www.oiip.ac.at\/cms\/media\/trend-report-thomas-eder-1.pdf\" target=\"_blank\" rel=\"noopener\">LINK<\/a><\/p>\n<p><strong>East Asia\u2019s Worsening Security Situation<\/strong><br \/>\nTrend Report 2 \/ January 2023<br \/>\nNina C. Krickel-Choi<br \/>\n<a title=\"\" href=\"https:\/\/www.oiip.ac.at\/cms\/media\/trend-report-nina-krickel-choi.pdf\" target=\"_blank\" rel=\"noopener\">LINK<\/a><\/p>\n<p><strong>Military recruitment and conscription in the 21st century<br \/>\n<\/strong>Trend Report 3 \/ January 2023<strong><br \/>\n<\/strong>Sanna Strand<strong><br \/>\n<\/strong><a title=\"\" href=\"https:\/\/www.oiip.ac.at\/cms\/media\/trend-report-sanna-strand.pdf\" target=\"_blank\" rel=\"noopener\">LINK<\/a><\/p>\n<p><strong>No end in sight to the global sprint towards digital sovereignty in 2023 (and beyond)<\/strong><br \/>\nTrend Report 5 \/ January 2023<br \/>\nKatarina Vehovar<br \/>\n<a title=\"\" href=\"https:\/\/www.oiip.ac.at\/cms\/media\/trend-report-katarina-vehovar.pdf\" target=\"_blank\" rel=\"noopener\">LINK<\/a><strong><br \/>\n<\/strong><\/p>\n<p><strong>How to rebuild Europe\u2019s security architecture?<\/strong><br \/>\nTrend Report 6 \/ January 2023<br \/>\nLo\u00efc Simonet<br \/>\n<a title=\"\" href=\"https:\/\/www.oiip.ac.at\/cms\/media\/trend-report-loic-simonet-1-1.pdf\" target=\"_blank\" rel=\"noopener\">LINK<\/a><\/p>\n<p><strong>Putin\u2019s war in Ukraine: How to get out of it?<\/strong><br \/>\nTrend Report 7 \/ January 2023<br \/>\nLo\u00efc Simonet<br \/>\n<a title=\"\" href=\"https:\/\/www.oiip.ac.at\/cms\/media\/trend-report-loic-simonet-2.pdf\" target=\"_blank\" rel=\"noopener\">LINK<\/a><\/p>\n<p><strong>Western Balkans\u2019 Horizon 2023 \u2013 New uncertainties in a changed geopolitical setting<\/strong><br \/>\nTrend Report 8 \/ January 2023<br \/>\nVedran Dzihic<br \/>\n<a title=\"\" href=\"https:\/\/www.oiip.ac.at\/cms\/media\/trend-report-vedran-dzihic-1.pdf\" target=\"_blank\" rel=\"noopener\">LINK<\/a><\/p>\n<p><strong>NATO\u2019s 2022 Strategic Concept. Analysis and implications for Austria<\/strong><br \/>\nWorking Paper 115 \/ January 2023<br \/>\nLo\u00efc Simonet<br \/>\n<a title=\"\" href=\"https:\/\/www.oiip.ac.at\/cms\/media\/working-paper-115-natos-2022-strategic-concept.pdf\" target=\"_blank\" rel=\"noopener\">LINK<\/a><\/p>\n<p><strong>Die T\u00fcrkei \u2013 Gatekeeper und Mediator im Ukraine Krieg<\/strong><br \/>\n<em>Buchbeitrag erschienen in: Die Ukraine im Krieg \u2013 ist Frieden m\u00f6glich? Heinz G\u00e4rnter (Hg.) \/ Juni 2022<\/em><br \/>\nBuchbeitrag von Cengiz G\u00fcnay und Carina Radler<br \/>\n<a href=\"https:\/\/newslettertogo.com\/ptgrzdmv-j9ntihba-415szotj-gdt\">LINK<\/a><\/p>\n<h3>Projects<\/h3>\n<p><strong>The regional dimension of transatlantic relations in a new world order: The war in Ukraine and its impact on the European neighborhood (Western Balkans, MENA, Turkey)<\/strong><br \/>\nProject funded by the US Embassy Fund \/ November 2022<br \/>\n<a title=\"\" href=\"https:\/\/www.oiip.ac.at\/en\/projects\/the-regional-dimension-of-transatlantic-relations-in-a-new-world-order-the-war-in-ukraine-and-its-impact-on-the-european-neighborhood-western-balkans-mena-turkey\/\" target=\"_blank\" rel=\"noopener\">LINK<\/a><\/p>\n<p>&nbsp;<\/p>\n<p>&nbsp;<\/p>\n<p>&nbsp;<\/p>\n<p>&nbsp;<\/p>\n<p>&nbsp;<\/p>\n<p>&nbsp;<\/p>\n<p>&nbsp;<\/p>\n<p>&nbsp;<\/p>\n","protected":false},"excerpt":{"rendered":"<p>For most of the members of the international community, Russia\u2019s war on Ukraine came as a surprise. Symmetric warfare, the attack of one state on another seemed to be a phenomenon of the past.\u00a0 In hindsight, the believe in a rule-based international order and the power of multilateral organizations proved too be too strong. Before [&hellip;]<\/p>\n","protected":false},"author":4,"featured_media":0,"comment_status":"closed","ping_status":"open","sticky":false,"template":"","format":"standard","meta":{"_acf_changed":false,"footnotes":""},"categories":[12],"tags":[],"class_list":["post-5860","post","type-post","status-publish","format-standard","hentry","category-news-en"],"acf":[],"_links":{"self":[{"href":"https:\/\/www.oiip.ac.at\/en\/wp-json\/wp\/v2\/posts\/5860","targetHints":{"allow":["GET"]}}],"collection":[{"href":"https:\/\/www.oiip.ac.at\/en\/wp-json\/wp\/v2\/posts"}],"about":[{"href":"https:\/\/www.oiip.ac.at\/en\/wp-json\/wp\/v2\/types\/post"}],"author":[{"embeddable":true,"href":"https:\/\/www.oiip.ac.at\/en\/wp-json\/wp\/v2\/users\/4"}],"replies":[{"embeddable":true,"href":"https:\/\/www.oiip.ac.at\/en\/wp-json\/wp\/v2\/comments?post=5860"}],"version-history":[{"count":5,"href":"https:\/\/www.oiip.ac.at\/en\/wp-json\/wp\/v2\/posts\/5860\/revisions"}],"predecessor-version":[{"id":6370,"href":"https:\/\/www.oiip.ac.at\/en\/wp-json\/wp\/v2\/posts\/5860\/revisions\/6370"}],"wp:attachment":[{"href":"https:\/\/www.oiip.ac.at\/en\/wp-json\/wp\/v2\/media?parent=5860"}],"wp:term":[{"taxonomy":"category","embeddable":true,"href":"https:\/\/www.oiip.ac.at\/en\/wp-json\/wp\/v2\/categories?post=5860"},{"taxonomy":"post_tag","embeddable":true,"href":"https:\/\/www.oiip.ac.at\/en\/wp-json\/wp\/v2\/tags?post=5860"}],"curies":[{"name":"wp","href":"https:\/\/api.w.org\/{rel}","templated":true}]}}