{"id":6300,"date":"2023-06-21T11:30:59","date_gmt":"2023-06-21T09:30:59","guid":{"rendered":"https:\/\/www.oiip.ac.at\/?p=6300"},"modified":"2023-06-21T11:34:03","modified_gmt":"2023-06-21T09:34:03","slug":"aktuelles-zu-protesten-in-serbien-und-spannung-zwischen-serbien-und-kosovo","status":"publish","type":"post","link":"https:\/\/www.oiip.ac.at\/en\/news\/aktuelles-zu-protesten-in-serbien-und-spannung-zwischen-serbien-und-kosovo\/","title":{"rendered":"Aktuelles zu Protesten in Serbien und Spannung zwischen Serbien und Kosovo"},"content":{"rendered":"<p class=\"keyword\"><strong>Kosovo vs. Serbien Riskante Strategien von USA und EU<\/strong><br \/>\n<strong>Orf.at<\/strong><br \/>\n17.6.2023<br \/>\n<a title=\"\" href=\"https:\/\/orf.at\/stories\/3320325\/\" target=\"_blank\" rel=\"noopener\">Link zum Artikel<\/a><\/p>\n<p id=\"main-content\" class=\"big-headline\" tabindex=\"0\"><strong>Die Lage zwischen dem Kosovo und Serbien<\/strong><br \/>\n<strong>ZDF Interview<\/strong><br \/>\n16.6.2023<br \/>\n<a title=\"\" href=\"https:\/\/www.zdf.de\/nachrichten\/heute-in-europa\/heute---in-europa-clip-2-3410.html\" target=\"_blank\" rel=\"noopener\">Link zum Interview<\/a><\/p>\n<p tabindex=\"0\"><strong>Massenmorde in Serbien: Raus aus den Albtr\u00e4umen<\/strong><br \/>\n<strong>Die Furche<\/strong><br \/>\n14.6.2023<br \/>\n<a title=\"\" href=\"https:\/\/www.furche.at\/international\/massenmorde-in-serbien-raus-aus-den-albtraeumen-11158226\" target=\"_blank\" rel=\"noopener\">Link zum Essay<\/a><\/p>\n<p><strong>Clash der Nationalisten um Kosovo &#8211; #953<br \/>\n<\/strong><strong>Falter Podcast<\/strong><br \/>\n10.6.2023<br \/>\n<a title=\"\" href=\"https:\/\/www.falter.at\/falter\/radio\/648383f91899590011db51ca\/clash-der-nationalisten-um-kosovo-953\" target=\"_blank\" rel=\"noopener\">Link zum Podcast<\/a><\/p>\n<p class=\"articleHeader headline\"><strong>Gewalt im Kosovo: &#34;Konflikt hat sehr tiefe Wurzeln&#34;<\/strong><br \/>\n<strong>WDR<\/strong><br \/>\n1.6.2023<br \/>\n<a title=\"\" href=\"https:\/\/www1.wdr.de\/mediathek\/audio\/wdr5\/wdr5-morgenecho-interview\/audio-gewalt-im-kosovo-konflikt-hat-sehr-tiefe-wurzeln-100.html\" target=\"_blank\" rel=\"noopener\">Link zum Interview<\/a><\/p>\n<div class=\"text-white text-center\">\n<p><strong>Serbien: \u201eDer Westen kuschelt zu sehr mit Vu\u010di\u0107\u201c<\/strong><br \/>\n<strong>Die Presse<\/strong><br \/>\n26.5.2023<br \/>\n<a title=\"\" href=\"https:\/\/www.diepresse.com\/6292331\/serbien-der-westen-kuschelt-zu-sehr-mit-vucic\" target=\"_blank\" rel=\"noopener\">Link zum Artikel<\/a><\/p>\n<p class=\"article-heading--default mb-2 lg:mb-16\"><strong>Politikwissenschafter: &#34;Wird Vu\u010di\u0107 gest\u00fcrzt, k\u00f6nnte Blut flie\u00dfen&#34;<\/strong><br \/>\n<strong>Kleine Zeitung<\/strong><br \/>\n24.5.2023<br \/>\n<a title=\"\" href=\"https:\/\/www.kleinezeitung.at\/international\/6291416\/Proteste-in-Serbien_Politikwissenschafter_Wird-Vucic-gestuerzt\" target=\"_blank\" rel=\"noopener\">Link zum Artikel<\/a><\/p>\n<p class=\"article__title\">\n<\/div>\n","protected":false},"excerpt":{"rendered":"<p>Kosovo vs. Serbien Riskante Strategien von USA und EU Orf.at 17.6.2023 Link zum Artikel Die Lage zwischen dem Kosovo und Serbien ZDF Interview 16.6.2023 Link zum Interview Massenmorde in Serbien: Raus aus den Albtr\u00e4umen Die Furche 14.6.2023 Link zum Essay Clash der Nationalisten um Kosovo &#8211; #953 Falter Podcast 10.6.2023 Link zum Podcast Gewalt im [&hellip;]<\/p>\n","protected":false},"author":4,"featured_media":0,"comment_status":"closed","ping_status":"open","sticky":false,"template":"","format":"standard","meta":{"_acf_changed":false,"footnotes":""},"categories":[1],"tags":[],"class_list":["post-6300","post","type-post","status-publish","format-standard","hentry","category-news"],"acf":[],"_links":{"self":[{"href":"https:\/\/www.oiip.ac.at\/en\/wp-json\/wp\/v2\/posts\/6300","targetHints":{"allow":["GET"]}}],"collection":[{"href":"https:\/\/www.oiip.ac.at\/en\/wp-json\/wp\/v2\/posts"}],"about":[{"href":"https:\/\/www.oiip.ac.at\/en\/wp-json\/wp\/v2\/types\/post"}],"author":[{"embeddable":true,"href":"https:\/\/www.oiip.ac.at\/en\/wp-json\/wp\/v2\/users\/4"}],"replies":[{"embeddable":true,"href":"https:\/\/www.oiip.ac.at\/en\/wp-json\/wp\/v2\/comments?post=6300"}],"version-history":[{"count":4,"href":"https:\/\/www.oiip.ac.at\/en\/wp-json\/wp\/v2\/posts\/6300\/revisions"}],"predecessor-version":[{"id":6306,"href":"https:\/\/www.oiip.ac.at\/en\/wp-json\/wp\/v2\/posts\/6300\/revisions\/6306"}],"wp:attachment":[{"href":"https:\/\/www.oiip.ac.at\/en\/wp-json\/wp\/v2\/media?parent=6300"}],"wp:term":[{"taxonomy":"category","embeddable":true,"href":"https:\/\/www.oiip.ac.at\/en\/wp-json\/wp\/v2\/categories?post=6300"},{"taxonomy":"post_tag","embeddable":true,"href":"https:\/\/www.oiip.ac.at\/en\/wp-json\/wp\/v2\/tags?post=6300"}],"curies":[{"name":"wp","href":"https:\/\/api.w.org\/{rel}","templated":true}]}}