{"id":6474,"date":"2023-09-27T09:56:27","date_gmt":"2023-09-27T07:56:27","guid":{"rendered":"https:\/\/www.oiip.ac.at\/?p=6474"},"modified":"2023-09-27T10:12:17","modified_gmt":"2023-09-27T08:12:17","slug":"kosovo-serbien-konflikt","status":"publish","type":"post","link":"https:\/\/www.oiip.ac.at\/en\/news\/kosovo-serbien-konflikt\/","title":{"rendered":"Kosovo-Serbien Konflikt"},"content":{"rendered":"<p><strong>Weitere Eskalation im Kosovo-Konflikt<\/strong><br \/>\n<strong>26.9.2023<\/strong><br \/>\n<strong>Puls 24 News<br \/>\n<\/strong>Bei Gefechten im Nordkosovo wurden am Sonntag ein Polizist und vier Angreifer einer bewaffneten Gruppe get\u00f6tet. PULS 24 Anchor Daniel Retschitzegger bespricht die aktuelle Situation im Kosovo mit Vedran Dzihic, Senior Researcher beim \u00d6sterreichischen Institut f\u00fcr Internationale Politik &#8211; oiip.<br \/>\n<a title=\"\" href=\"https:\/\/www.puls24.at\/video\/puls-24\/weitere-eskalation-im-kosovo-konflikt\/v1adobss4e4zd\" target=\"_blank\" rel=\"noopener\">Link zum Interview<\/a><\/p>\n<p class=\"article-title\"><strong>Kosovo identifiziert kriminellen Politiker Radoi\u010di\u0107 unter serbischen Angreifern<br \/>\n26.9.2023<\/strong><br \/>\n<strong>Der Standard<\/strong><br \/>\nHinter dem Anschlag im Kosovo steckt offenbar auch der Vizechef der Serbischen Liste, Milan Radoi\u010di\u0107, der Serbiens Pr\u00e4sidenten Vu\u010di\u0107 nahesteht. Waitz fordert R\u00fccktritt von EU-Vermittler. Bericht aus Sarajewo<br \/>\n<a title=\"\" href=\"https:\/\/www.derstandard.at\/story\/3000000188651\/waffen-l252gen-und-videos-im-kosovo?ref=article\" target=\"_blank\" rel=\"noopener\">Link zum Artikel<\/a><\/p>\n<p><strong>Es braucht Druck auf beide Seiten<\/strong><br \/>\n<strong>25.9.2023<\/strong><br \/>\n<strong>taz<br \/>\n<\/strong>Balkan-Experte D\u017eihi\u0107 warnt nach dem Anschlag vor einer Eskalation zwischen Serbien und Kosovo. Vom Westen fordert er einen neuen Kurs.<br \/>\n<a title=\"\" href=\"https:\/\/taz.de\/Experte-ueber-den-Angriff-auf-Polizisten\/!5959655\/\" target=\"_blank\" rel=\"noopener\">Link zum Interview<\/a><\/p>\n","protected":false},"excerpt":{"rendered":"<p>Weitere Eskalation im Kosovo-Konflikt 26.9.2023 Puls 24 News Bei Gefechten im Nordkosovo wurden am Sonntag ein Polizist und vier Angreifer einer bewaffneten Gruppe get\u00f6tet. PULS 24 Anchor Daniel Retschitzegger bespricht die aktuelle Situation im Kosovo mit Vedran Dzihic, Senior Researcher beim \u00d6sterreichischen Institut f\u00fcr Internationale Politik &#8211; oiip. Link zum Interview Kosovo identifiziert kriminellen Politiker [&hellip;]<\/p>\n","protected":false},"author":4,"featured_media":0,"comment_status":"closed","ping_status":"open","sticky":false,"template":"","format":"standard","meta":{"_acf_changed":false,"footnotes":""},"categories":[1],"tags":[],"class_list":["post-6474","post","type-post","status-publish","format-standard","hentry","category-news"],"acf":[],"_links":{"self":[{"href":"https:\/\/www.oiip.ac.at\/en\/wp-json\/wp\/v2\/posts\/6474","targetHints":{"allow":["GET"]}}],"collection":[{"href":"https:\/\/www.oiip.ac.at\/en\/wp-json\/wp\/v2\/posts"}],"about":[{"href":"https:\/\/www.oiip.ac.at\/en\/wp-json\/wp\/v2\/types\/post"}],"author":[{"embeddable":true,"href":"https:\/\/www.oiip.ac.at\/en\/wp-json\/wp\/v2\/users\/4"}],"replies":[{"embeddable":true,"href":"https:\/\/www.oiip.ac.at\/en\/wp-json\/wp\/v2\/comments?post=6474"}],"version-history":[{"count":4,"href":"https:\/\/www.oiip.ac.at\/en\/wp-json\/wp\/v2\/posts\/6474\/revisions"}],"predecessor-version":[{"id":6478,"href":"https:\/\/www.oiip.ac.at\/en\/wp-json\/wp\/v2\/posts\/6474\/revisions\/6478"}],"wp:attachment":[{"href":"https:\/\/www.oiip.ac.at\/en\/wp-json\/wp\/v2\/media?parent=6474"}],"wp:term":[{"taxonomy":"category","embeddable":true,"href":"https:\/\/www.oiip.ac.at\/en\/wp-json\/wp\/v2\/categories?post=6474"},{"taxonomy":"post_tag","embeddable":true,"href":"https:\/\/www.oiip.ac.at\/en\/wp-json\/wp\/v2\/tags?post=6474"}],"curies":[{"name":"wp","href":"https:\/\/api.w.org\/{rel}","templated":true}]}}