{"id":8700,"date":"2025-04-07T14:19:44","date_gmt":"2025-04-07T12:19:44","guid":{"rendered":"https:\/\/www.oiip.ac.at\/?p=8700"},"modified":"2025-12-05T12:28:49","modified_gmt":"2025-12-05T11:28:49","slug":"massenproteste-in-serbien-und-bosnien","status":"publish","type":"post","link":"https:\/\/www.oiip.ac.at\/en\/news\/massenproteste-in-serbien-und-bosnien\/","title":{"rendered":"Massenproteste in Serbien und Bosnien"},"content":{"rendered":"<p><strong>ARD \/ Apokolypse und Filterkaffe<br \/>\n21.03.2025<\/strong><br \/>\n<strong>Podcastserie von Jagoda Marinie mit Vedran D\u017eihi\u0107<br \/>\n<\/strong><a title=\"Link zum Podcast (News Fenster)\" href=\"https:\/\/apokalypse-und-filterkaffee.podigee.io\/1368-palaste-der-hoffnung-mit-jagoda-marinic-vedran-dzihic\" target=\"_blank\" rel=\"noopener\">Link zum Podcast<\/a><\/p>\n<p><strong>FALTER 12\/2025<br \/>\n<time datetime=\"2025-03-18T17:00:00\" aria-label=\"Erscheinungsdatum\">18.03.2025<br \/>\nH\u00f6rt mit dem Kuscheln auf!<\/time><\/strong><br \/>\n<strong>Kommentar von Vedran D\u017eihi\u0107<br \/>\n<\/strong><a title=\"\" href=\"https:\/\/www.oiip.ac.at\/cms\/media\/grosser-kommentar-12-1.pdf\" target=\"_blank\" rel=\"noopener\">Link zum Kommentar<\/a><\/p>\n<p><strong>\u00d61 Mittagsjournal<\/strong><br \/>\n<strong>17.03.2025<\/strong><br \/>\n<strong>Die Nervosit\u00e4t ist merkbar.<\/strong><br \/>\n<strong>Interview mit Vedran D\u017eihi\u0107<\/strong><a title=\"\" href=\"https:\/\/oe1.orf.at\/player\/20250317\/788375\/1742210387879\" target=\"_blank\" rel=\"noopener\"><br \/>\nLink zum Interview<\/a><\/p>\n<p><strong>Puls 24<\/strong><br \/>\n<strong>17.03.2025<br \/>\nWarum der Westen schweigt, w\u00e4hrend Serbien k\u00e4mpft<\/strong><br \/>\n<strong>Interview mit<\/strong> <strong>Vedran D\u017eihi\u0107<br \/>\n<\/strong><a title=\"\" href=\"https:\/\/www.puls24.at\/news\/politik\/wie-die-eu-serbien-im-stich-laesst\/390040\" target=\"_blank\" rel=\"noopener\">Link zum Beitrag<\/a><\/p>\n","protected":false},"excerpt":{"rendered":"<p>ARD \/ Apokolypse und Filterkaffe 21.03.2025 Podcastserie von Jagoda Marinie mit Vedran D\u017eihi\u0107 Link zum Podcast FALTER 12\/2025 18.03.2025 H\u00f6rt mit dem Kuscheln auf! Kommentar von Vedran D\u017eihi\u0107 Link zum Kommentar \u00d61 Mittagsjournal 17.03.2025 Die Nervosit\u00e4t ist merkbar. Interview mit Vedran D\u017eihi\u0107 Link zum Interview Puls 24 17.03.2025 Warum der Westen schweigt, w\u00e4hrend Serbien k\u00e4mpft [&hellip;]<\/p>\n","protected":false},"author":4,"featured_media":0,"comment_status":"closed","ping_status":"closed","sticky":false,"template":"","format":"standard","meta":{"_acf_changed":false,"footnotes":""},"categories":[1,30],"tags":[],"class_list":["post-8700","post","type-post","status-publish","format-standard","hentry","category-news","category-podcasts"],"acf":[],"_links":{"self":[{"href":"https:\/\/www.oiip.ac.at\/en\/wp-json\/wp\/v2\/posts\/8700","targetHints":{"allow":["GET"]}}],"collection":[{"href":"https:\/\/www.oiip.ac.at\/en\/wp-json\/wp\/v2\/posts"}],"about":[{"href":"https:\/\/www.oiip.ac.at\/en\/wp-json\/wp\/v2\/types\/post"}],"author":[{"embeddable":true,"href":"https:\/\/www.oiip.ac.at\/en\/wp-json\/wp\/v2\/users\/4"}],"replies":[{"embeddable":true,"href":"https:\/\/www.oiip.ac.at\/en\/wp-json\/wp\/v2\/comments?post=8700"}],"version-history":[{"count":2,"href":"https:\/\/www.oiip.ac.at\/en\/wp-json\/wp\/v2\/posts\/8700\/revisions"}],"predecessor-version":[{"id":10253,"href":"https:\/\/www.oiip.ac.at\/en\/wp-json\/wp\/v2\/posts\/8700\/revisions\/10253"}],"wp:attachment":[{"href":"https:\/\/www.oiip.ac.at\/en\/wp-json\/wp\/v2\/media?parent=8700"}],"wp:term":[{"taxonomy":"category","embeddable":true,"href":"https:\/\/www.oiip.ac.at\/en\/wp-json\/wp\/v2\/categories?post=8700"},{"taxonomy":"post_tag","embeddable":true,"href":"https:\/\/www.oiip.ac.at\/en\/wp-json\/wp\/v2\/tags?post=8700"}],"curies":[{"name":"wp","href":"https:\/\/api.w.org\/{rel}","templated":true}]}}