{"id":9369,"date":"2025-02-28T14:38:33","date_gmt":"2025-02-28T13:38:33","guid":{"rendered":"https:\/\/www.oiip.ac.at\/news-en\/pkk-verkuendet-waffenruhe-mit-der-tuerkei\/"},"modified":"2025-08-07T10:13:03","modified_gmt":"2025-08-07T08:13:03","slug":"pkk-verkuendet-waffenruhe-mit-der-tuerkei","status":"publish","type":"post","link":"https:\/\/www.oiip.ac.at\/en\/news-en\/pkk-verkuendet-waffenruhe-mit-der-tuerkei\/","title":{"rendered":"PKK verk\u00fcndet Waffenruhe mit der T\u00fcrkei"},"content":{"rendered":"<p><span class=\"break-words tvm-parent-container\"><span dir=\"ltr\"><strong>\u00d61 Mittagsjournal<\/strong><br \/>\n<strong>28. Februar 2025<\/strong><\/span><\/span><\/p>\n<p>Die kurdische Arbeiterpartei PKK hat eine Waffenruhe mit der T\u00fcrkei verk\u00fcndet. Cengiz G\u00fcnay im Interview.<\/p>\n<p>&nbsp;<\/p>\n","protected":false},"excerpt":{"rendered":"<p>\u00d61 Mittagsjournal 28. Februar 2025 Die kurdische Arbeiterpartei PKK hat eine Waffenruhe mit der T\u00fcrkei verk\u00fcndet. Cengiz G\u00fcnay im Interview. &nbsp;<\/p>\n","protected":false},"author":4,"featured_media":0,"comment_status":"closed","ping_status":"closed","sticky":false,"template":"","format":"standard","meta":{"_acf_changed":false,"footnotes":""},"categories":[12],"tags":[],"class_list":["post-9369","post","type-post","status-publish","format-standard","hentry","category-news-en"],"acf":[],"_links":{"self":[{"href":"https:\/\/www.oiip.ac.at\/en\/wp-json\/wp\/v2\/posts\/9369","targetHints":{"allow":["GET"]}}],"collection":[{"href":"https:\/\/www.oiip.ac.at\/en\/wp-json\/wp\/v2\/posts"}],"about":[{"href":"https:\/\/www.oiip.ac.at\/en\/wp-json\/wp\/v2\/types\/post"}],"author":[{"embeddable":true,"href":"https:\/\/www.oiip.ac.at\/en\/wp-json\/wp\/v2\/users\/4"}],"replies":[{"embeddable":true,"href":"https:\/\/www.oiip.ac.at\/en\/wp-json\/wp\/v2\/comments?post=9369"}],"version-history":[{"count":1,"href":"https:\/\/www.oiip.ac.at\/en\/wp-json\/wp\/v2\/posts\/9369\/revisions"}],"predecessor-version":[{"id":9370,"href":"https:\/\/www.oiip.ac.at\/en\/wp-json\/wp\/v2\/posts\/9369\/revisions\/9370"}],"wp:attachment":[{"href":"https:\/\/www.oiip.ac.at\/en\/wp-json\/wp\/v2\/media?parent=9369"}],"wp:term":[{"taxonomy":"category","embeddable":true,"href":"https:\/\/www.oiip.ac.at\/en\/wp-json\/wp\/v2\/categories?post=9369"},{"taxonomy":"post_tag","embeddable":true,"href":"https:\/\/www.oiip.ac.at\/en\/wp-json\/wp\/v2\/tags?post=9369"}],"curies":[{"name":"wp","href":"https:\/\/api.w.org\/{rel}","templated":true}]}}