{"id":9383,"date":"2023-05-24T15:23:41","date_gmt":"2023-05-24T13:23:41","guid":{"rendered":"https:\/\/www.oiip.ac.at\/news-en\/aufzeichnung-der-veranstaltung-die-tuerkei-nach-den-wahlen\/"},"modified":"2025-08-07T10:31:40","modified_gmt":"2025-08-07T08:31:40","slug":"aufzeichnung-der-veranstaltung-die-tuerkei-nach-den-wahlen","status":"publish","type":"post","link":"https:\/\/www.oiip.ac.at\/en\/news-en\/aufzeichnung-der-veranstaltung-die-tuerkei-nach-den-wahlen\/","title":{"rendered":"Die T\u00fcrkei nach den Wahlen"},"content":{"rendered":"<p><iframe loading=\"lazy\" title=\"Cengiz G\u00fcnay: DIE T\u00dcRKEI NACH DEN WAHLEN\" width=\"500\" height=\"281\" src=\"https:\/\/www.youtube.com\/embed\/L68Rl5T5Dl4?feature=oembed\" frameborder=\"0\" allow=\"accelerometer; autoplay; clipboard-write; encrypted-media; gyroscope; picture-in-picture; web-share\" referrerpolicy=\"strict-origin-when-cross-origin\" allowfullscreen><\/iframe><\/p>\n<p><strong><span class=\"yt-core-attributed-string yt-core-attributed-string--white-space-pre-wrap\" role=\"text\">Gudrun Harrer im Gespr\u00e4ch mit Cengiz G\u00fcnay<\/span><\/strong><\/p>\n<p><span class=\"yt-core-attributed-string yt-core-attributed-string--white-space-pre-wrap\" role=\"text\"> Der t\u00fcrkische Pr\u00e4sident seit 2014, Recep Tayyip Erdo\u011fan, hat trotz des verheerenden Erdbebens Anfang Februar am Termin 14. Mai f\u00fcr Parlaments- und Pr\u00e4sidentenwahlen festgehalten. Die enormen Geb\u00e4udesch\u00e4den \u2013 trotz jahrelang eingehobener Erdbebensteuer f\u00fcr sicheres Wohnen \u2013 und die anfangs chaotischen Hilfeleistung f\u00fcr die Opfer haben schwere Vers\u00e4umnisse des Staates offengelegt. Millionen von Wahlberechtigten leben in Zeltst\u00e4dten, behelfsm\u00e4\u00dfigen Behausungen oder sind bei Freunden oder Verwandten untergekommen, oft auch in anderen Landesteilen. Der \u00c4rger \u00fcber das Staatsversagen schien vor den Wahlen Herausforderer Kemal K\u0131l\u0131\u00e7daro\u011flu von der kemalistisch-sozialdemokratischen CHP zu beg\u00fcnstigen, der auch mit kurdischen Stimmen rechnen konnte. Das Wahlergebnis wird weit \u00fcber die T\u00fcrkei hinaus von Bedeutung sein, f\u00fcr die oft schwierigen Beziehungen zwischen Ankara und der EU oder f\u00fcr die t\u00fcrkische Rolle in der Nato. <\/span><\/p>\n<p><span class=\"yt-core-attributed-string yt-core-attributed-string--white-space-pre-wrap\" role=\"text\">Cengiz G\u00fcnay ist Direktor des \u00d6sterreichischen Instituts f\u00fcr internationale Politik (oiip) und Lektor am Institut f\u00fcr Politikwissenschaft, dem Institut f\u00fcr internationale Entwicklung sowie dem Institut f\u00fcr Orientalistik an der Universit\u00e4t Wien. Er ist der Autor der Monographien; \u201cDie Geschichte der T\u00fcrkei. Von den Anf\u00e4ngen der Moderne bis heute\u201d, erschienen bei B\u00f6hlau UTB, sowie von \u201cFrom Islamists to Muslim Democrats?\u201d erschienen bei VDB. Sein regionaler Schwerpunkt liegt auf der T\u00fcrkei sowie der MENA Region. <\/span><\/p>\n<p><span class=\"yt-core-attributed-string yt-core-attributed-string--white-space-pre-wrap\" role=\"text\">Gudrun Harrer, Leitende Redakteurin, Der Standard; Lektorin f\u00fcr Moderne Geschichte und Politik des Nahen und Mittleren Ostens an der Universit\u00e4t Wien und an der Diplomatischen Akademie Wien (aufgezeichnet am 23.5.2023 im Bruno Kreisky Forum) In Zusammenarbeit mit dem \u00d6sterreichischen Institut f\u00fcr Internationale Politik (oiip)<\/span><\/p>\n","protected":false},"excerpt":{"rendered":"<p>Gudrun Harrer im Gespr\u00e4ch mit Cengiz G\u00fcnay Der t\u00fcrkische Pr\u00e4sident seit 2014, Recep Tayyip Erdo\u011fan, hat trotz des verheerenden Erdbebens Anfang Februar am Termin 14. Mai f\u00fcr Parlaments- und Pr\u00e4sidentenwahlen festgehalten. Die enormen Geb\u00e4udesch\u00e4den \u2013 trotz jahrelang eingehobener Erdbebensteuer f\u00fcr sicheres Wohnen \u2013 und die anfangs chaotischen Hilfeleistung f\u00fcr die Opfer haben schwere Vers\u00e4umnisse des [&hellip;]<\/p>\n","protected":false},"author":4,"featured_media":0,"comment_status":"closed","ping_status":"closed","sticky":false,"template":"","format":"standard","meta":{"_acf_changed":false,"footnotes":""},"categories":[12],"tags":[],"class_list":["post-9383","post","type-post","status-publish","format-standard","hentry","category-news-en"],"acf":[],"_links":{"self":[{"href":"https:\/\/www.oiip.ac.at\/en\/wp-json\/wp\/v2\/posts\/9383","targetHints":{"allow":["GET"]}}],"collection":[{"href":"https:\/\/www.oiip.ac.at\/en\/wp-json\/wp\/v2\/posts"}],"about":[{"href":"https:\/\/www.oiip.ac.at\/en\/wp-json\/wp\/v2\/types\/post"}],"author":[{"embeddable":true,"href":"https:\/\/www.oiip.ac.at\/en\/wp-json\/wp\/v2\/users\/4"}],"replies":[{"embeddable":true,"href":"https:\/\/www.oiip.ac.at\/en\/wp-json\/wp\/v2\/comments?post=9383"}],"version-history":[{"count":1,"href":"https:\/\/www.oiip.ac.at\/en\/wp-json\/wp\/v2\/posts\/9383\/revisions"}],"predecessor-version":[{"id":9384,"href":"https:\/\/www.oiip.ac.at\/en\/wp-json\/wp\/v2\/posts\/9383\/revisions\/9384"}],"wp:attachment":[{"href":"https:\/\/www.oiip.ac.at\/en\/wp-json\/wp\/v2\/media?parent=9383"}],"wp:term":[{"taxonomy":"category","embeddable":true,"href":"https:\/\/www.oiip.ac.at\/en\/wp-json\/wp\/v2\/categories?post=9383"},{"taxonomy":"post_tag","embeddable":true,"href":"https:\/\/www.oiip.ac.at\/en\/wp-json\/wp\/v2\/tags?post=9383"}],"curies":[{"name":"wp","href":"https:\/\/api.w.org\/{rel}","templated":true}]}}