{"id":9385,"date":"2023-05-03T10:02:19","date_gmt":"2023-05-03T08:02:19","guid":{"rendered":"https:\/\/www.oiip.ac.at\/news-en\/tuerkei-vor-den-wahlen\/"},"modified":"2025-08-07T10:32:45","modified_gmt":"2025-08-07T08:32:45","slug":"tuerkei-vor-den-wahlen","status":"publish","type":"post","link":"https:\/\/www.oiip.ac.at\/en\/news-en\/tuerkei-vor-den-wahlen\/","title":{"rendered":"Wahlen in der T\u00fcrkei"},"content":{"rendered":"<p><strong>Die T\u00fcrkei vor den Stichwahlen &#8211; #940<\/strong><br \/>\nFALTER-Radio. Der Podcast mit Raimund L\u00f6w<br \/>\n<a title=\"\" href=\"https:\/\/www.falter.at\/falter\/radio\/64648a9be4e2a100118d120d\/die-turkei-vor-den-stichwahlen-940\" target=\"_blank\" rel=\"noopener\">Link zum Podcast<\/a><\/p>\n<p class=\"article-title\"><strong>\u0130mamo\u011flu w\u00e4re der bessere Kandidat gewesen<br \/>\n<\/strong>Der Standard, 16.5.2023<br \/>\n<a title=\"\" href=\"https:\/\/www.derstandard.at\/story\/2000146458513\/politologe-imamoglu-waere-der-bessere-kandidat-gewesen\" target=\"_blank\" rel=\"noopener\">Link zum Beitrag<\/a><\/p>\n<p data-jsb=\"{&quot;rows&quot;: 3}\"><strong>Schicksalswahl nicht nur f\u00fcr die T\u00fcrkei<\/strong><br \/>\nTiroler Tageszeitung, 12.5.2023<br \/>\n<a title=\"\" href=\"https:\/\/www.oiip.ac.at\/cms\/media\/003-ttqq-ttqq-20230512.pdf\" target=\"_blank\" rel=\"noopener\">Link zum Beitrag<\/a><\/p>\n<p class=\"description-title js-description-title\" data-jsb=\"{&quot;rows&quot;: 3}\"><strong>Ende der \u00c4ra Erdogan m\u00f6glich<br \/>\n<\/strong>Studiogast in der ZIB 2, 11.5.2023<br \/>\n<a title=\"\" href=\"https:\/\/tvthek.orf.at\/profile\/ZIB-2\/1211\/ZIB-2\/14178514\" target=\"_blank\" rel=\"noopener\">Link zum Interview<\/a><strong><br \/>\n<\/strong><\/p>\n<p class=\"style-scope ytd-watch-metadata\"><strong>Schicksalswahlen in der T\u00fcrkei<br \/>\n<\/strong>Impulsreferat Karl-Renner-Institut, 4.5.2023<br \/>\n<a title=\"\" href=\"https:\/\/www.youtube.com\/watch?v=KQ3m8Q6BG78\" data-rel=\"lightbox-video-0\" target=\"_blank\" rel=\"noopener\">Link zur Aufzeichnung<\/a><strong><br \/>\n<\/strong><\/p>\n<p><strong>Die Chancen der t\u00fcrkischen Opposition waren noch nie so gut<\/strong><br \/>\nPodcast \u00d61 Europajournal, 2.5.2023<br \/>\n<a title=\"\" href=\"https:\/\/sound.orf.at\/podcast\/oe1\/oe1-europa-journal\/cengiz-guenay-die-chancen-der-tuerkischen-opposition-waren-noch-nie-so-gut\" target=\"_blank\" rel=\"noopener\">Link zum Beitrag<\/a><\/p>\n<p><strong>Mit vereinten Kr\u00e4ften gegen Erdogan<\/strong><br \/>\nWiener Zeitung, 30.4.2023<br \/>\n<a title=\"\" href=\"https:\/\/www.wienerzeitung.at\/nachrichten\/politik\/welt\/2186802-Mit-vereinten-Kraeften-gegen-Erdogan.html\" target=\"_blank\" rel=\"noopener\">Link zum Beitrag<\/a><\/p>\n<p class=\"article-header-title\"><strong>T\u00fcrkei-Wahl in \u00d6sterreich: Schlange stehen f\u00fcr das Heimatland<br \/>\n<\/strong>Kurier, 27.4.2023<strong><br \/>\n<\/strong><a title=\"\" href=\"https:\/\/kurier.at\/politik\/ausland\/tuerkei-wahl-in-oesterreich-schlange-stehen-fuer-das-heimatland\/402428813\" target=\"_blank\" rel=\"noopener\">Link zum Beitrag<\/a><strong><br \/>\n<\/strong><\/p>\n<p class=\"entry-title\"><strong>Die Wahl nach dem Beben<br \/>\n<\/strong>Der Pragmaticus, 18.4.2023<br \/>\n<a title=\"\" href=\"https:\/\/www.derpragmaticus.com\/r\/tuerkei-wahlen\/\" target=\"_blank\" rel=\"noopener\">Link zum Beitrag<\/a><strong><br \/>\n<\/strong><\/p>\n<p>&nbsp;<\/p>\n<div class=\"article-socials\">\n<div class=\"socials-item simulate-link em_vote_good em_content_vote\"><span class=\"em_content_vote_cnt\">\u00a0<\/span><\/div>\n<\/div>\n","protected":false},"excerpt":{"rendered":"<p>Die T\u00fcrkei vor den Stichwahlen &#8211; #940 FALTER-Radio. Der Podcast mit Raimund L\u00f6w Link zum Podcast \u0130mamo\u011flu w\u00e4re der bessere Kandidat gewesen Der Standard, 16.5.2023 Link zum Beitrag Schicksalswahl nicht nur f\u00fcr die T\u00fcrkei Tiroler Tageszeitung, 12.5.2023 Link zum Beitrag Ende der \u00c4ra Erdogan m\u00f6glich Studiogast in der ZIB 2, 11.5.2023 Link zum Interview Schicksalswahlen [&hellip;]<\/p>\n","protected":false},"author":4,"featured_media":0,"comment_status":"closed","ping_status":"closed","sticky":false,"template":"","format":"standard","meta":{"_acf_changed":false,"footnotes":""},"categories":[12],"tags":[],"class_list":["post-9385","post","type-post","status-publish","format-standard","hentry","category-news-en"],"acf":[],"_links":{"self":[{"href":"https:\/\/www.oiip.ac.at\/en\/wp-json\/wp\/v2\/posts\/9385","targetHints":{"allow":["GET"]}}],"collection":[{"href":"https:\/\/www.oiip.ac.at\/en\/wp-json\/wp\/v2\/posts"}],"about":[{"href":"https:\/\/www.oiip.ac.at\/en\/wp-json\/wp\/v2\/types\/post"}],"author":[{"embeddable":true,"href":"https:\/\/www.oiip.ac.at\/en\/wp-json\/wp\/v2\/users\/4"}],"replies":[{"embeddable":true,"href":"https:\/\/www.oiip.ac.at\/en\/wp-json\/wp\/v2\/comments?post=9385"}],"version-history":[{"count":2,"href":"https:\/\/www.oiip.ac.at\/en\/wp-json\/wp\/v2\/posts\/9385\/revisions"}],"predecessor-version":[{"id":9388,"href":"https:\/\/www.oiip.ac.at\/en\/wp-json\/wp\/v2\/posts\/9385\/revisions\/9388"}],"wp:attachment":[{"href":"https:\/\/www.oiip.ac.at\/en\/wp-json\/wp\/v2\/media?parent=9385"}],"wp:term":[{"taxonomy":"category","embeddable":true,"href":"https:\/\/www.oiip.ac.at\/en\/wp-json\/wp\/v2\/categories?post=9385"},{"taxonomy":"post_tag","embeddable":true,"href":"https:\/\/www.oiip.ac.at\/en\/wp-json\/wp\/v2\/tags?post=9385"}],"curies":[{"name":"wp","href":"https:\/\/api.w.org\/{rel}","templated":true}]}}