{"id":9837,"date":"2025-09-06T12:09:09","date_gmt":"2025-09-06T10:09:09","guid":{"rendered":"https:\/\/www.oiip.ac.at\/?p=9837"},"modified":"2025-09-12T11:01:02","modified_gmt":"2025-09-12T09:01:02","slug":"serbien-nervositaet-im-kern-des-regimes","status":"publish","type":"post","link":"https:\/\/www.oiip.ac.at\/en\/news\/serbien-nervositaet-im-kern-des-regimes\/","title":{"rendered":"Serbien: &#34;Nervosit\u00e4t im Kern des Regimes&#34;"},"content":{"rendered":"<p><strong>zdf heute<\/strong><br \/>\n<strong>6. September 2025<\/strong><\/p>\n<p class=\"h16rff0y\"><strong><span class=\"o1r6qsum t1ktg2ut\">Proteste gegen Vu\u010di\u0107-Regierung<\/span><span class=\"tevc803 hhhtovw\">Serbien: &#34;Nervosit\u00e4t im Kern des Regimes&#34;<\/span><\/strong><\/p>\n<div class=\"mva1nh8\">\n<div class=\"h1mzreoi\">\n<div><\/div>\n<p class=\"smwqba4\"><button class=\"b7f5vr9\" type=\"button\" aria-label=\"Teilen\" aria-haspopup=\"dialog\" aria-expanded=\"false\" aria-controls=\"radix-_r_i_\" data-state=\"closed\"><\/button><button class=\"b1s9hs9j blzzfaj\" type=\"button\" aria-label=\"Merken\" aria-pressed=\"false\"><\/button>Die Proteste in Serbien rei\u00dfen auch nach zehn Monaten nicht ab, die Regierung greift immer h\u00e4rter durch. Balkan-Experte Vedran D\u017eihi\u0107 sieht zwei Szenarien f\u00fcr Serbiens Zukunft.<\/p>\n<div>\n<div class=\"c10o8fzf\">\n<p class=\"r1nj4qn5\">Bei neuen Protesten gegen die Regierung von Pr\u00e4sident Aleksandar Vu\u010di\u0107 in der nordserbischen Stadt Novi Sad ist es wieder zu Zusammenst\u00f6\u00dfen zwischen Polizei und Demonstranten gekommen. Gendarmerie und Polizei setzten Tr\u00e4nengas, Schlagst\u00f6cke und Blendgranaten ein.<\/p>\n<\/div>\n<div class=\"c10o8fzf\">\n<ul>\n<li><a id=\"6092e1b8\" class=\"b7kurox _nl_\" title=\"\" href=\"https:\/\/www.zdfheute.de\/politik\/ausland\/serbien-proteste-regierung-gewalt-polizei-100.html\" target=\"_blank\" rel=\"noopener\" data-testid=\"richtext-link\"><em>Polizei geht mit Gewalt gegen Proteste vor<\/em><\/a><\/li>\n<\/ul>\n<\/div>\n<div class=\"c10o8fzf\">\n<p class=\"r1nj4qn5\">Seit November 2024 gehen vor allem junge Menschen auf die Stra\u00dfe gegen Korruption und Misswirtschaft. Ausl\u00f6ser: der Einsturz eines Bahnhofsvordachs in Novi Sad, bei dem 16 Menschen ums Leben kamen.<\/p>\n<\/div>\n<div class=\"c10o8fzf\">\n<p class=\"r1nj4qn5\">Welche Chancen die Proteste haben, analysiert Balkan-Experte Vedran D\u017eihi\u0107 vom \u00d6sterreichischen Institut f\u00fcr internationale Politik bei ZDFheute live.<\/p>\n<\/div>\n<div class=\"c10o8fzf\">\n<p class=\"r1nj4qn5\"><em>Sehen Sie das Interview auf <a title=\"\" href=\"https:\/\/www.zdfheute.de\/politik\/ausland\/serbien-proteste-vucic-regierung-dzihic-100.html\" target=\"_blank\" rel=\"noopener\">zdf heute<\/a> in voller L\u00e4nge oder lesen Sie es hier in Ausz\u00fcgen. Das sagt D\u017eihi\u0107 \u2026<\/em><\/p>\n<\/div>\n<div class=\"b17e520 c10o8fzf\">\n<p class=\"t1rbo974 hhhtovw\"><strong>\u2026 \u00fcber die Unterst\u00fctzung des Protests in der Bev\u00f6lkerung<\/strong><\/p>\n<\/div>\n<div class=\"c10o8fzf\">\n<p class=\"r1nj4qn5\">D\u017eihi\u0107 beobachtet, dass die Regierung brutal Gewalt gegen die Demonstranten einsetze, mit Hilfe von Schl\u00e4gertrupps und speziellen Einheiten der Polizei. In regierungsnahen Medien herrsche eine Stimmung, in der Gewalt geradezu herbeigerufen, gedroht und diffamiert werde. Es sei unterm Strich so, dass das staatliche Gewaltmonopol hier bewusst durch das Regime in ein Gewaltverteilungsmonopol umgewandelt werde, so D\u017eihi\u0107.<\/p>\n<\/div>\n<div class=\"c10o8fzf\">\n<p class=\"r1nj4qn5\">Trotzdem forderten die Demonstranten immer wieder Rechtsstaatlichkeit und Neuwahlen ein. In Meinungsumfragen zeige sich klar, dass die Regierung rasant an Vertrauen verliere.<\/p>\n<\/div>\n<div class=\"b1ctszp6 c10o8fzf\">\n<div class=\"r80o15e\"><strong>\u2026 zu Serbien zwischen EU, Russland und China<\/strong><\/div>\n<\/div>\n<div class=\"c10o8fzf\">\n<p class=\"r1nj4qn5\">Seit 2017 ist Pr\u00e4sident Vu\u010di\u0107 an der Macht. Seitdem habe er es verstanden, sich als &#34;Pragmatiker und ehrlicher Makler&#34; zu pr\u00e4sentieren, so der Experte. W\u00e4hrend der sogenannten Fl\u00fcchtlingskrise 2015 habe er etwa &#34;sehr gut&#34; mit der damaligen CDU-Kanzlerin Merkel zusammengearbeitet.<\/p>\n<\/div>\n<div class=\"c10o8fzf\">\n<p class=\"r1nj4qn5\">Die <a id=\"a1852c86\" class=\"b7kurox _nl_\" href=\"https:\/\/www.zdfheute.de\/thema\/europaeische-union-eu-100.html\" data-testid=\"richtext-link\">EU<\/a> setze deshalb bei Serbien auf die &#34;Stabilokratie&#34;, also Stabilit\u00e4t vor Demokratie. Mit Deals, zuletzt mit Lithium, halte man Vu\u010di\u0107 an der Macht, daf\u00fcr w\u00fcrden europ\u00e4ische Werte und Normen geopfert. Hinzu kommt: Serbien unterh\u00e4lt enge Beziehungen zu <a id=\"ea352699\" class=\"b7kurox _nl_\" href=\"https:\/\/www.zdfheute.de\/thema\/russland-324.html\" data-testid=\"richtext-link\">Russland<\/a> und <a id=\"1a46ef86\" class=\"b7kurox _nl_\" href=\"https:\/\/www.zdfheute.de\/thema\/china-218.html\" data-testid=\"richtext-link\">China<\/a>.<\/p>\n<\/div>\n<div class=\"c10o8fzf\">\n<p class=\"r1nj4qn5\">Man d\u00fcrfte nicht vergessen, dass Serbien das einzige Land in Europa sei, dass keine Sanktionen gegen Russland eingef\u00fchrt habe. Zudem treffe man sich regelm\u00e4\u00dfig mit Kremlchef <a id=\"8add5de2\" class=\"b7kurox _nl_\" href=\"https:\/\/www.zdfheute.de\/thema\/wladimir-putin-178.html\" data-testid=\"richtext-link\">Wladimir Putin<\/a>. Dazu t\u00e4tige China mittlerweile einen gro\u00dfen Teil seiner Investitionen nicht in der Europ\u00e4ischen Union, sondern in Serbien.<\/p>\n<\/div>\n<div class=\"c10o8fzf\">\n<p class=\"r1nj4qn5\">Konkret gehe es dabei um die Art und Weise, wie sie Staatlichkeit und Kontrolle in ihrem Land aus\u00fcben. Sollte die EU Vu\u010di\u0107 st\u00e4rker kritisieren, w\u00fcrde er sich wom\u00f6glich zunehmend Richtung China und Russland drehen, sagt D\u017eihi\u0107.<\/p>\n<\/div>\n<div class=\"b17e520 c10o8fzf\">\n<p class=\"t1rbo974 hhhtovw\"><strong>\u2026 dar\u00fcber, wie es in Serbien weitergehen k\u00f6nnte<\/strong><\/p>\n<\/div>\n<div class=\"c10o8fzf\">\n<p class=\"r1nj4qn5\">Das Regime in Belgrad werde nicht mehr in der Lage sein, zum Status quo vom Oktober des letzten Jahres zur\u00fcckzukehren, so D\u017eihi\u0107.<\/p>\n<\/div>\n<div class=\"c10o8fzf\">\n<p class=\"r1nj4qn5\">Das f\u00fchre dazu, dass die Proteste auch nicht von einem Tag auf den n\u00e4chsten beendet w\u00fcrden: &#34;Die Energie ist zu stark, Wut ist zu gro\u00df, Zorn ist zu gro\u00df.&#34; Die Menschen in Serbien h\u00e4tten mehrheitlich ein anderes Bild von der Zukunft ihres Landes und daf\u00fcr w\u00fcrden sie k\u00e4mpfen. Jedoch sei offensichtlich, dass die Regierung nicht zur\u00fcckweiche. F\u00fcr den Experten ergeben sich daraus zwei Szenarien:<\/p>\n<\/div>\n<div class=\"c10o8fzf\">\n<p class=\"r1nj4qn5\"><strong>Szenario 1: Eskalation der Gewalt<\/strong><\/p>\n<\/div>\n<div class=\"c10o8fzf\">\n<p class=\"r1nj4qn5\">Pr\u00e4sident Vu\u010di\u0107 geht brutaler gegen die Demonstrierenden vor. Damit w\u00fcrde sich Serbien in einen Polizeistaat verwandeln, &#34;der nicht nur autorit\u00e4r, sondern auch zuweilen und bisweilen diktatorisch agiert&#34;. Fraglich sei dabei, wie lange das Regime das durchziehen k\u00f6nne.<\/p>\n<\/div>\n<div class=\"c10o8fzf\">\n<p class=\"r1nj4qn5\"><strong>Szenario 2: Neuwahlen durch internationalen Druck<\/strong><\/p>\n<\/div>\n<div class=\"c10o8fzf\">\n<p class=\"r1nj4qn5\">Die Europ\u00e4ische Union und damit auch Deutschland erh\u00f6hen den Druck auf Serbien, sodass Neuwahlen ausgerufen werden. EU und OSZE w\u00fcrden dann &#34;ganz genau&#34; beobachten, dass diese Wahlen fair und frei verlaufen.<\/p>\n<\/div>\n<div class=\"c10o8fzf\">\n<p class=\"r1nj4qn5\">Folgt Serbien dem zweiten und laut D\u017eihi\u0107 auch &#34;notwendigen&#34; Szenario, w\u00fcrde damit ein Prozess er\u00f6ffnet, in dem Serbien &#34;wieder in die Normalit\u00e4t zur\u00fcckkehrt, die auch eine demokratische wird.&#34; Und die k\u00f6nne dann auch eine europ\u00e4ische sein.<\/p>\n<\/div>\n<\/div>\n<\/div>\n<\/div>\n","protected":false},"excerpt":{"rendered":"<p>zdf heute 6. September 2025 Proteste gegen Vu\u010di\u0107-RegierungSerbien: &#34;Nervosit\u00e4t im Kern des Regimes&#34; Die Proteste in Serbien rei\u00dfen auch nach zehn Monaten nicht ab, die Regierung greift immer h\u00e4rter durch. Balkan-Experte Vedran D\u017eihi\u0107 sieht zwei Szenarien f\u00fcr Serbiens Zukunft. Bei neuen Protesten gegen die Regierung von Pr\u00e4sident Aleksandar Vu\u010di\u0107 in der nordserbischen Stadt Novi Sad [&hellip;]<\/p>\n","protected":false},"author":4,"featured_media":0,"comment_status":"closed","ping_status":"closed","sticky":false,"template":"","format":"standard","meta":{"_acf_changed":false,"footnotes":""},"categories":[1],"tags":[],"class_list":["post-9837","post","type-post","status-publish","format-standard","hentry","category-news"],"acf":[],"_links":{"self":[{"href":"https:\/\/www.oiip.ac.at\/en\/wp-json\/wp\/v2\/posts\/9837","targetHints":{"allow":["GET"]}}],"collection":[{"href":"https:\/\/www.oiip.ac.at\/en\/wp-json\/wp\/v2\/posts"}],"about":[{"href":"https:\/\/www.oiip.ac.at\/en\/wp-json\/wp\/v2\/types\/post"}],"author":[{"embeddable":true,"href":"https:\/\/www.oiip.ac.at\/en\/wp-json\/wp\/v2\/users\/4"}],"replies":[{"embeddable":true,"href":"https:\/\/www.oiip.ac.at\/en\/wp-json\/wp\/v2\/comments?post=9837"}],"version-history":[{"count":5,"href":"https:\/\/www.oiip.ac.at\/en\/wp-json\/wp\/v2\/posts\/9837\/revisions"}],"predecessor-version":[{"id":9854,"href":"https:\/\/www.oiip.ac.at\/en\/wp-json\/wp\/v2\/posts\/9837\/revisions\/9854"}],"wp:attachment":[{"href":"https:\/\/www.oiip.ac.at\/en\/wp-json\/wp\/v2\/media?parent=9837"}],"wp:term":[{"taxonomy":"category","embeddable":true,"href":"https:\/\/www.oiip.ac.at\/en\/wp-json\/wp\/v2\/categories?post=9837"},{"taxonomy":"post_tag","embeddable":true,"href":"https:\/\/www.oiip.ac.at\/en\/wp-json\/wp\/v2\/tags?post=9837"}],"curies":[{"name":"wp","href":"https:\/\/api.w.org\/{rel}","templated":true}]}}